{"id":11912,"date":"2025-10-04T02:41:13","date_gmt":"2025-10-04T02:41:13","guid":{"rendered":"https:\/\/www.europesays.com\/lv\/11912\/"},"modified":"2025-10-04T02:41:13","modified_gmt":"2025-10-04T02:41:13","slug":"cina-par-12-f-1-komandas-vietu-uz-sauras-laipas-satikusies-tris-projekti","status":"publish","type":"post","link":"https:\/\/www.europesays.com\/lv\/11912\/","title":{"rendered":"c\u012b\u0146\u0101 par 12. F-1 komandas vietu uz \u0161auras laipas satiku\u0161ies tr\u012bs projekti"},"content":{"rendered":"<p>Non\u0101kt uz <a rel=\"noopener nofollow\" target=\"_blank\" href=\"https:\/\/www.delfi.lv\/temas\/42619984\/f-1\" data-rel-date-range=\"[]\">F-1<\/a> sacens\u012bbu starta l\u012bnijas ir ne tikai brauc\u0113ju, bet ar\u012b komandu vad\u012bt\u0101ju un veidot\u0101ju sapnis, ta\u010du v\u0113sture r\u0101da, ka tur notur\u0113ties sp\u0113j tikai stipr\u0101kie. Tom\u0113r sap\u0146ot\u0101ju netr\u016bkst. Kam\u0113r &#8220;<a rel=\"noopener nofollow\" target=\"_blank\" href=\"https:\/\/www.delfi.lv\/temas\/40536669\/cadillac\" data-rel-date-range=\"[]\">Cadillac<\/a>&#8221; jau ir ce\u013c\u0101 uz start\u0113\u0161anu jau 2026. gada sezon\u0101, Starptautisk\u0101s Automobi\u013cu feder\u0101cijas (<a rel=\"noopener nofollow\" target=\"_blank\" href=\"https:\/\/www.delfi.lv\/temas\/37573841\/fia\" data-rel-date-range=\"[]\">FIA<\/a>) prezidents Muhameds ben Sulajems ir gatavs atv\u0113rt durvis v\u0113l vienai komandai. Aizkulis\u0113s izskan Kristians Hornera v\u0101rds&#8230;<\/p>\n<p>FIA prezidents Muhameds Ben Sulajems skaidri paudis: noteikumos ierakst\u012bta iesp\u0113ja, ka F-1 \u010dempion\u0101t\u0101 var start\u0113t 12 komandas, un, vi\u0146apr\u0101t, ir pien\u0101cis laiks to \u012bstenot. &#8220;K\u0101p\u0113c ne!&#8221; vi\u0146\u0161 apstiprina sarun\u0101 ar &#8220;Reuters&#8221;. &#8220;Ja noteikumi mums paredz 12 komandu iesp\u0113ju, tad k\u0101p\u0113c teikt &#8220;n\u0113&#8221;? Ir \u013coti skaidrs, ka jau ar vienpadsmito komandu visi ieg\u016bst.&#8221;<\/p>\n<p>Iek\u013c\u016bt \u0161aj\u0101 miljardu biznes\u0101 k\u0101ro daudzi, ta\u010du \u0161obr\u012bd izkristaliz\u0113ju\u0161ies tr\u012bs pretendenti, kas re\u0101li gatavi iesaist\u012bties kauj\u0101 par vakanto vietu uz starta. Te satiku\u0161ies gan vair\u0101ki F-1 vid\u0113 jau labi paz\u012bstami v\u0101rdi, gan maz\u0101k zin\u0101mi, ta\u010du ne maz\u0101k ambiciozi multimiljon\u0101ri&#8230;<\/p>\n<p>Lai turpin\u0101tu las\u012bt, ieg\u0101d\u0101jies abonementu.<\/p>\n<p class=\"fs-4\">L\u016bdzu, uzgaidi!<\/p>\n<p class=\"fs-5\">Piel\u0101gojam Tev piem\u0113rot\u0101ko abon\u0113\u0161anas pied\u0101v\u0101jumu&#8230;<\/p>\n<p class=\"lh-1 fs-6 text-muted pt-3 mt-5\">Abon\u0113\u0161anas pied\u0101v\u0101jums nav redzams? L\u016bdzu, izsl\u0113dz rekl\u0101mu blo\u0137\u0113t\u0101ju vai  p\u0101rl\u0101d\u0113 lapu.<br \/>Jaut\u0101jumu gad\u012bjum\u0101 raksti <a href=\"https:\/\/www.delfi.lv\/mvp\/51891089\/pa-pedam\/120089731\/mailto:konts@delfi.lv\" class=\"text-primary\" rel=\"nofollow noopener\" target=\"_blank\">konts@delfi.lv<\/a><\/p>\n<p class=\"m-0\">Seko &#8220;Delfi&#8221; ar\u012b  <a target=\"_blank\" href=\"https:\/\/www.instagram.com\/delfi.lv\/\" rel=\"nofollow noopener\">Instagram<\/a>  un <a target=\"_blank\" href=\"https:\/\/www.youtube.com\/channel\/UCw5foWtcJvAbUm64rv7jwUQ\" rel=\"nofollow noopener\">YouTube<\/a>  profil\u0101 \u2013 pievienojies, lai uzzin\u0101tu svar\u012bg\u0101ko un interesant\u0101ko pirmais!<\/p>\n<p>Publik\u0101cijas saturs vai t\u0101s jebk\u0101da apjoma da\u013ca ir aizsarg\u0101ts autorties\u012bbu objekts Autorties\u012bbu likuma izpratn\u0113, un t\u0101 izmanto\u0161ana bez izdev\u0113ja at\u013caujas ir aizliegta. Vair\u0101k lasi  <a target=\"_blank\" href=\"https:\/\/www.delfi.lv\/noteikumi#autortiesibas\" rel=\"nofollow noopener\">\u0161eit<\/a><script async src=\"\/\/www.instagram.com\/embed.js\"><\/script><\/p>\n","protected":false},"excerpt":{"rendered":"Non\u0101kt uz F-1 sacens\u012bbu starta l\u012bnijas ir ne tikai brauc\u0113ju, bet ar\u012b komandu vad\u012bt\u0101ju un veidot\u0101ju sapnis, ta\u010du&hellip;\n","protected":false},"author":2,"featured_media":11392,"comment_status":"","ping_status":"","sticky":false,"template":"","format":"standard","meta":{"footnotes":""},"categories":[17],"tags":[1822,4188,4185,4179,4181,4184,4182,4178,4174,4175,4180,4187,4176,35,39,38,36,37,34,40,4183,4177,2362,67,4186],"class_list":{"0":"post-11912","1":"post","2":"type-post","3":"status-publish","4":"format-standard","5":"has-post-thumbnail","7":"category-sports","8":"tag-toyota","9":"tag-aizkadra","10":"tag-alpine","11":"tag-aston-martin","12":"tag-cadillac","13":"tag-caterham","14":"tag-f-1","15":"tag-ferrari","16":"tag-fia","17":"tag-force-india","18":"tag-general-motors","19":"tag-haas","20":"tag-honda","21":"tag-latvia","22":"tag-latvian","23":"tag-latviesu","24":"tag-latviesu-valoda","25":"tag-latviesuvaloda","26":"tag-latvija","27":"tag-lv","28":"tag-mercedes","29":"tag-red-bull","30":"tag-serhio-peress","31":"tag-sports","32":"tag-valteri-botass"},"share_on_mastodon":{"url":"","error":""},"_links":{"self":[{"href":"https:\/\/www.europesays.com\/lv\/wp-json\/wp\/v2\/posts\/11912","targetHints":{"allow":["GET"]}}],"collection":[{"href":"https:\/\/www.europesays.com\/lv\/wp-json\/wp\/v2\/posts"}],"about":[{"href":"https:\/\/www.europesays.com\/lv\/wp-json\/wp\/v2\/types\/post"}],"author":[{"embeddable":true,"href":"https:\/\/www.europesays.com\/lv\/wp-json\/wp\/v2\/users\/2"}],"replies":[{"embeddable":true,"href":"https:\/\/www.europesays.com\/lv\/wp-json\/wp\/v2\/comments?post=11912"}],"version-history":[{"count":0,"href":"https:\/\/www.europesays.com\/lv\/wp-json\/wp\/v2\/posts\/11912\/revisions"}],"wp:featuredmedia":[{"embeddable":true,"href":"https:\/\/www.europesays.com\/lv\/wp-json\/wp\/v2\/media\/11392"}],"wp:attachment":[{"href":"https:\/\/www.europesays.com\/lv\/wp-json\/wp\/v2\/media?parent=11912"}],"wp:term":[{"taxonomy":"category","embeddable":true,"href":"https:\/\/www.europesays.com\/lv\/wp-json\/wp\/v2\/categories?post=11912"},{"taxonomy":"post_tag","embeddable":true,"href":"https:\/\/www.europesays.com\/lv\/wp-json\/wp\/v2\/tags?post=11912"}],"curies":[{"name":"wp","href":"https:\/\/api.w.org\/{rel}","templated":true}]}}