{"id":11925,"date":"2025-10-04T04:29:09","date_gmt":"2025-10-04T04:29:09","guid":{"rendered":"https:\/\/www.europesays.com\/lv\/11925\/"},"modified":"2025-10-04T04:29:09","modified_gmt":"2025-10-04T04:29:09","slug":"vins-ir-gatavs-lidojumam-ziemelamerika-paredz-merzlikina-nonaksanu-otraja-plana","status":"publish","type":"post","link":"https:\/\/www.europesays.com\/lv\/11925\/","title":{"rendered":"&#8220;Vi\u0146\u0161 ir gatavs lidojumam&#8221; \u2013 Zieme\u013camerik\u0101 paredz Merz\u013cikina non\u0101k\u0161anu otraj\u0101 pl\u0101n\u0101"},"content":{"rendered":"<p>Latvijas v\u0101rtsargs <a rel=\"noopener nofollow\" target=\"_blank\" href=\"https:\/\/www.delfi.lv\/temas\/45802257\/elvis-merzlikins\" tag-id=\"45802257\">Elvis Merz\u013cikins<\/a> var\u0113tu non\u0101kt Nacion\u0101l\u0101s hokeja l\u012bgas (<a rel=\"noopener nofollow\" target=\"_blank\" href=\"https:\/\/www.delfi.lv\/temas\/35213925\/nhl\" tag-id=\"35213925\">NHL<\/a>) kluba Kolumbusas &#8220;<a rel=\"noopener nofollow\" target=\"_blank\" href=\"https:\/\/www.delfi.lv\/temas\/35590341\/blue-jackets\" tag-id=\"35590341\">Blue Jackets<\/a>&#8221; rezervista lom\u0101, jo potenci\u0101li izr\u0101viena sezonai gatavs ir vi\u0146a konkurents D\u017eets Gr\u012bvss, neilgi pirms jaun\u0101s sezonas v\u0113rt\u0113 ietekm\u012bgais medijs &#8220;The Athletic&#8221;.<\/p>\n<p>&#8220;Tom\u0113r, ja Gr\u012bvss sp\u0113l\u0113s pietiekami labi, vi\u0146\u0161 pats, visticam\u0101k, k\u013c\u016bs par &#8220;Blue Jackets&#8221; pirmo v\u0101rtsargu,&#8221; v\u0113rt\u0101 &#8220;The Athletic&#8221; \u017eurn\u0101lists \u0100rons Porcleins. V\u0113l nometnes s\u0101kum\u0101 <a rel=\"noopener follow nofollow\" target=\"_blank\" href=\"https:\/\/www.delfi.lv\/sports\/16978259\/hokejs\/120088195\/merzlikins-uzvelkas-pec-zurnalista-jautajuma-par-savu-apdraudeto-statusu-kolumbusa\" data-rel-date-range=\"[]\">Merz\u013cikins ap\u0161aub\u012bja<\/a>, ka Gr\u012bvss var\u0113tu iztur\u0113t NHL slodzi, ta\u010du t\u0101 neizskat\u012bj\u0101s p\u0113c probl\u0113mas pag\u0101ju\u0161\u0101s sezonas beig\u0101s, kad kan\u0101dietis aizvad\u012bja se\u0161us ma\u010dus devi\u0146\u0101s dien\u0101s.<\/p>\n<p>Porcleins nenoliedz, ka \u0161obr\u012bd ir gr\u016bti paredz\u0113t, k\u0101 tiks sadal\u012bts &#8220;Blue Jackets&#8221; v\u0101rtsargu sp\u0113les laiks. &#8220;Sezonas gait\u0101 Kolumbusai 15 reizes ir j\u0101sp\u0113l\u0113 divas dienas p\u0113c k\u0101rtas, t\u0101 k\u0101 darba pietiks gan Merz\u013cikinam, gan Gr\u012bvsam. Tom\u0113r m\u0113s pie\u0146emam, ka tie\u0161i Gr\u012bvss ir gatavs lidojumam, un dro\u0161i prognoz\u0113jam, ka sezonas pirmajos m\u0113ne\u0161os par vi\u0146u rakst\u012bsim daudz.&#8221;<\/p>\n<p class=\"m-0\">Seko &#8220;Delfi&#8221; ar\u012b  <a target=\"_blank\" href=\"https:\/\/www.instagram.com\/delfi.lv\/\" rel=\"nofollow noopener\">Instagram<\/a>  un <a target=\"_blank\" href=\"https:\/\/www.youtube.com\/channel\/UCw5foWtcJvAbUm64rv7jwUQ\" rel=\"nofollow noopener\">YouTube<\/a>  profil\u0101 \u2013 pievienojies, lai uzzin\u0101tu svar\u012bg\u0101ko un interesant\u0101ko pirmais!<\/p>\n<p>Publik\u0101cijas saturs vai t\u0101s jebk\u0101da apjoma da\u013ca ir aizsarg\u0101ts autorties\u012bbu objekts Autorties\u012bbu likuma izpratn\u0113, un t\u0101 izmanto\u0161ana bez izdev\u0113ja at\u013caujas ir aizliegta. Vair\u0101k lasi  <a target=\"_blank\" href=\"https:\/\/www.delfi.lv\/noteikumi#autortiesibas\" rel=\"nofollow noopener\">\u0161eit<\/a><script async src=\"\/\/www.instagram.com\/embed.js\"><\/script><\/p>\n","protected":false},"excerpt":{"rendered":"Latvijas v\u0101rtsargs Elvis Merz\u013cikins var\u0113tu non\u0101kt Nacion\u0101l\u0101s hokeja l\u012bgas (NHL) kluba Kolumbusas &#8220;Blue Jackets&#8221; rezervista lom\u0101, jo potenci\u0101li&hellip;\n","protected":false},"author":2,"featured_media":11926,"comment_status":"","ping_status":"","sticky":false,"template":"","format":"standard","meta":{"footnotes":""},"categories":[17],"tags":[4332,1436,35,39,38,36,37,34,40,835,67],"class_list":{"0":"post-11925","1":"post","2":"type-post","3":"status-publish","4":"format-standard","5":"has-post-thumbnail","7":"category-sports","8":"tag-blue-jackets","9":"tag-elvis-merzlikins","10":"tag-latvia","11":"tag-latvian","12":"tag-latviesu","13":"tag-latviesu-valoda","14":"tag-latviesuvaloda","15":"tag-latvija","16":"tag-lv","17":"tag-nhl","18":"tag-sports"},"share_on_mastodon":{"url":"","error":""},"_links":{"self":[{"href":"https:\/\/www.europesays.com\/lv\/wp-json\/wp\/v2\/posts\/11925","targetHints":{"allow":["GET"]}}],"collection":[{"href":"https:\/\/www.europesays.com\/lv\/wp-json\/wp\/v2\/posts"}],"about":[{"href":"https:\/\/www.europesays.com\/lv\/wp-json\/wp\/v2\/types\/post"}],"author":[{"embeddable":true,"href":"https:\/\/www.europesays.com\/lv\/wp-json\/wp\/v2\/users\/2"}],"replies":[{"embeddable":true,"href":"https:\/\/www.europesays.com\/lv\/wp-json\/wp\/v2\/comments?post=11925"}],"version-history":[{"count":0,"href":"https:\/\/www.europesays.com\/lv\/wp-json\/wp\/v2\/posts\/11925\/revisions"}],"wp:featuredmedia":[{"embeddable":true,"href":"https:\/\/www.europesays.com\/lv\/wp-json\/wp\/v2\/media\/11926"}],"wp:attachment":[{"href":"https:\/\/www.europesays.com\/lv\/wp-json\/wp\/v2\/media?parent=11925"}],"wp:term":[{"taxonomy":"category","embeddable":true,"href":"https:\/\/www.europesays.com\/lv\/wp-json\/wp\/v2\/categories?post=11925"},{"taxonomy":"post_tag","embeddable":true,"href":"https:\/\/www.europesays.com\/lv\/wp-json\/wp\/v2\/tags?post=11925"}],"curies":[{"name":"wp","href":"https:\/\/api.w.org\/{rel}","templated":true}]}}