{"id":11927,"date":"2025-10-04T04:33:13","date_gmt":"2025-10-04T04:33:13","guid":{"rendered":"https:\/\/www.europesays.com\/lv\/11927\/"},"modified":"2025-10-04T04:33:13","modified_gmt":"2025-10-04T04:33:13","slug":"sobrid-nekas-neliecina-par-krievijas-saistibu-ar-ceturtdienas-uzbrukumiem-majaslapam-pazino-cert-lv","status":"publish","type":"post","link":"https:\/\/www.europesays.com\/lv\/11927\/","title":{"rendered":"\u0160obr\u012bd nekas neliecina par Krievijas saist\u012bbu ar ceturtdienas uzbrukumiem m\u0101jaslap\u0101m, pazi\u0146o &#8220;Cert.lv&#8221;"},"content":{"rendered":"<p>\u0160obr\u012bd apkopot\u0101 inform\u0101cija neliecina par to, ka Krievija b\u016btu galvenais iniciators ceturtdien notiku\u0161ajam pakalpojumu atteices (DDoS) uzbrukumam valsts un pa\u0161vald\u012bbu m\u0101jaslap\u0101m, piektdien \u017eurn\u0101listiem sac\u012bja inform\u0101cijas tehnolo\u0123iju (IT) dro\u0161\u012bbas incidentu nov\u0113r\u0161anas instit\u016bcijas &#8220;<a rel=\"noopener nofollow\" target=\"_blank\" href=\"http:\/\/Cert.lv\" data-rel-date-range=\"[]\">Cert.lv<\/a>&#8221; vad\u012bt\u0101jas vietnieks Varis Teiv\u0101ns.<\/p>\n<p>&#8220;Gan uzraugot da\u017e\u0101dus uzbruc\u0113ju komunik\u0101cijas kan\u0101lus un da\u017e\u0101dus citus inform\u0101cijas avotus, nekas par t\u0101du pl\u0101no\u0161anu tie\u0161i taj\u0101 vid\u0113 neliecina,&#8221; p\u0113c atbild\u012bgo iest\u0101\u017eu tik\u0161an\u0101s ar Ministru prezidenti Eviku Sili\u0146u (JV) sac\u012bja Teiv\u0101ns.<\/p>\n<p>L\u012bdz ar to spekul\u0113t par Krievijas iesaisti \u0161obr\u012bd b\u016btu p\u0101ragri, vi\u0146\u0161 piebilda.<\/p>\n<blockquote class=\"twitter-tweet\">\n<p lang=\"lv\" dir=\"ltr\">Uzklaus\u012bju LVRTC, CERT, Kr\u012bzes vad\u012bbas centru un VARAM p\u0101rst\u0101vjus par vakardienas incidentu Latvijas kibertelp\u0101.<\/p>\n<p>\u27a1\ufe0f Galvenie secin\u0101jumi &#8211; iedz\u012bvot\u0101ju dati ir dro\u0161\u012bb\u0101 un cita veida resursu kompromit\u0113\u0161ana nav notikusi. Ned\u0113\u013cas laik\u0101 sagaidu padzi\u013cin\u0101tu atbild\u012bgo instit\u016bciju\u2026 <a href=\"https:\/\/t.co\/pswGpk79Ex\" rel=\"nofollow\">pic.twitter.com\/pswGpk79Ex<\/a><\/p>\n<p>\u2014 Evika Sili\u0146a \ud83c\uddf1\ud83c\uddfb\ud83c\uddfa\ud83c\udde6 (@EvikaSilina) <a href=\"https:\/\/twitter.com\/EvikaSilina\/status\/1974106965279187218?ref_src=twsrc%5Etfw\" rel=\"nofollow noopener\" target=\"_blank\">October 3, 2025<\/a><\/p><\/blockquote>\n<p>Teiv\u0101ns uzsv\u0113ra, ka Latvija jau kop\u0161 2022. gada izcili tikusi gal\u0101 ar \u0161\u0101da tipa uzbrukumiem. Vienlaikus vakardienas uzbrukums at\u0161\u0137\u012br\u0101s ar to, ka tas pan\u0101ca savu efektu apm\u0113ram uz stundu. \u0160obr\u012bd tiek veikta izp\u0113te ar\u012b kop\u0101 ar Latvijas Radio un telev\u012bzijas centru (<a rel=\"noopener nofollow\" target=\"_blank\" href=\"https:\/\/www.delfi.lv\/temas\/56424595\/lvrtc-1\" tag-id=\"56424595\">LVRTC<\/a>), un apm\u0113ram p\u0113c ned\u0113\u013cas var\u0113tu b\u016bt secin\u0101jumi par to, k\u0101d\u0113\u013c t\u0101 notika.<\/p>\n<p>Par to, ka ar secin\u0101jumiem j\u0101n\u0101k klaj\u0101 ned\u0113\u013cas laik\u0101, iest\u0101des vienoju\u0161\u0101s ar Sili\u0146u \u0161odienas tik\u0161an\u0101s laik\u0101. Secin\u0101jumus premjere sagaida rakstveid\u0101 ar\u012b no Vied\u0101s administr\u0101cijas un re\u0123ion\u0101l\u0101s att\u012bst\u012bbas ministrijas (<a rel=\"noopener nofollow\" target=\"_blank\" href=\"https:\/\/www.delfi.lv\/temas\/37322223\/varam\" tag-id=\"37322223\">VARAM<\/a>).<\/p>\n<p>Sili\u0146a uzsv\u0113ra, ka uzbrukuma metodes liecina par to, ka nek\u0101di dati nevar\u0113ja tikt nozagti un uzbrukumi uz to nebija orient\u0113ti. Vi\u0146a atz\u012bm\u0113ja, ka \u0101rvalst\u012bs \u0161\u0101da veida uzbrukumi notiek regul\u0101ri, bet Latvij\u0101 iedz\u012bvot\u0101ji pieradu\u0161i, ka t\u0101das probl\u0113mas tiek risin\u0101tas \u0101tri. T\u0101p\u0113c iesaist\u012btajiem j\u0101izdara secin\u0101jumi, k\u0101d\u0113\u013c \u0161oreiz kaut kas nav nostr\u0101d\u0101jis, piebilda premjere.<\/p>\n<p>Jau zi\u0146ots, ka ceturtdienas r\u012bt\u0101 Latvijas valsts un pa\u0161vald\u012bbu interneta m\u0101jaslapas piedz\u012bvoja apjom\u012bgu DDoS uzbrukumu. Trauc\u0113jumi bija nov\u0113rojami, piem\u0113ram, Valsts ie\u0146\u0113mumu dienesta m\u0101jaslapas &#8220;vid.gov.lv&#8221;, vietnes &#8220;Latvija.lv&#8221;, Ministru kabineta m\u0101jaslapas &#8220;mk.gov.lv&#8221;, ministriju, pa\u0161vald\u012bbu un citu valsts iest\u0101\u017eu m\u0101jaslapu darb\u012bb\u0101. Lietot\u0101jiem nebija pieejama ar\u012b m\u0101jaslapa &#8220;eParaksts.lv&#8221;.<\/p>\n<p>Ietekm\u0113t\u0101s interneta vietnes nebija pieejamas aptuveni stundu, bet da\u013ca resursu nebija pieejami aptuveni stundu un 20 min\u016btes. T\u0101d\u0113j\u0101di atsevi\u0161\u0137i resursi bija pieejami, bet piedz\u012bvoja l\u0113ndarb\u012bbu.<\/p>\n<p>Notiku\u0161ais DDoS uzbrukums bija \u0123eogr\u0101fiski \u013coti pla\u0161s \u2013 tie notika no Krievijas, Baltkrievijas, Vjetnamas, Korejas, ASV, Indijas, Taiv\u0101nas un ar\u012b Baltijas valstu IP adres\u0113m, inform\u0113ja LVRTC p\u0101rst\u0101vji.<\/p>\n<p class=\"m-0\">Seko &#8220;Delfi&#8221; ar\u012b  <a target=\"_blank\" href=\"https:\/\/www.instagram.com\/delfi.lv\/\" rel=\"nofollow noopener\">Instagram<\/a>  un <a target=\"_blank\" href=\"https:\/\/www.youtube.com\/channel\/UCw5foWtcJvAbUm64rv7jwUQ\" rel=\"nofollow noopener\">YouTube<\/a>  profil\u0101 \u2013 pievienojies, lai uzzin\u0101tu svar\u012bg\u0101ko un interesant\u0101ko pirmais!<\/p>\n<p>Publik\u0101cijas saturs vai t\u0101s jebk\u0101da apjoma da\u013ca ir aizsarg\u0101ts autorties\u012bbu objekts Autorties\u012bbu likuma izpratn\u0113, un t\u0101 izmanto\u0161ana bez izdev\u0113ja at\u013caujas ir aizliegta. Vair\u0101k lasi  <a target=\"_blank\" href=\"https:\/\/www.delfi.lv\/noteikumi#autortiesibas\" rel=\"nofollow noopener\">\u0161eit<\/a><script async src=\"https:\/\/platform.twitter.com\/widgets.js\" charset=\"utf-8\"><\/script><script async src=\"\/\/www.instagram.com\/embed.js\"><\/script><\/p>\n","protected":false},"excerpt":{"rendered":"\u0160obr\u012bd apkopot\u0101 inform\u0101cija neliecina par to, ka Krievija b\u016btu galvenais iniciators ceturtdien notiku\u0161ajam pakalpojumu atteices (DDoS) uzbrukumam valsts&hellip;\n","protected":false},"author":2,"featured_media":11928,"comment_status":"","ping_status":"","sticky":false,"template":"","format":"standard","meta":{"footnotes":""},"categories":[5],"tags":[23,28,29,4244,32,33,22,30,31,35,39,38,36,37,34,40,3984,20,26,27,24,25,3493,21],"class_list":{"0":"post-11927","1":"post","2":"type-post","3":"status-publish","4":"format-standard","5":"has-post-thumbnail","7":"category-aktualitates","8":"tag-aktualitates","9":"tag-breaking-news","10":"tag-breakingnews","11":"tag-cert-lv","12":"tag-featured-news","13":"tag-featurednews","14":"tag-headlines","15":"tag-latest-news","16":"tag-latestnews","17":"tag-latvia","18":"tag-latvian","19":"tag-latviesu","20":"tag-latviesu-valoda","21":"tag-latviesuvaloda","22":"tag-latvija","23":"tag-lv","24":"tag-lvrtc","25":"tag-news","26":"tag-popularakas-zinas","27":"tag-popularakaszinas","28":"tag-top-stories","29":"tag-topstories","30":"tag-varam","31":"tag-zinas"},"share_on_mastodon":{"url":"","error":""},"_links":{"self":[{"href":"https:\/\/www.europesays.com\/lv\/wp-json\/wp\/v2\/posts\/11927","targetHints":{"allow":["GET"]}}],"collection":[{"href":"https:\/\/www.europesays.com\/lv\/wp-json\/wp\/v2\/posts"}],"about":[{"href":"https:\/\/www.europesays.com\/lv\/wp-json\/wp\/v2\/types\/post"}],"author":[{"embeddable":true,"href":"https:\/\/www.europesays.com\/lv\/wp-json\/wp\/v2\/users\/2"}],"replies":[{"embeddable":true,"href":"https:\/\/www.europesays.com\/lv\/wp-json\/wp\/v2\/comments?post=11927"}],"version-history":[{"count":0,"href":"https:\/\/www.europesays.com\/lv\/wp-json\/wp\/v2\/posts\/11927\/revisions"}],"wp:featuredmedia":[{"embeddable":true,"href":"https:\/\/www.europesays.com\/lv\/wp-json\/wp\/v2\/media\/11928"}],"wp:attachment":[{"href":"https:\/\/www.europesays.com\/lv\/wp-json\/wp\/v2\/media?parent=11927"}],"wp:term":[{"taxonomy":"category","embeddable":true,"href":"https:\/\/www.europesays.com\/lv\/wp-json\/wp\/v2\/categories?post=11927"},{"taxonomy":"post_tag","embeddable":true,"href":"https:\/\/www.europesays.com\/lv\/wp-json\/wp\/v2\/tags?post=11927"}],"curies":[{"name":"wp","href":"https:\/\/api.w.org\/{rel}","templated":true}]}}