{"id":119576,"date":"2026-02-02T03:48:06","date_gmt":"2026-02-02T03:48:06","guid":{"rendered":"https:\/\/www.europesays.com\/lv\/119576\/"},"modified":"2026-02-02T03:48:06","modified_gmt":"2026-02-02T03:48:06","slug":"napoli-majas-zaude-chelsea-un-izstajas-no-turnira-lente-lv-2","status":"publish","type":"post","link":"https:\/\/www.europesays.com\/lv\/119576\/","title":{"rendered":"&#8220;Napoli&#8221; m\u0101j\u0101s zaud\u0113 &#8220;Chelsea&#8221; un izst\u0101jas no turn\u012bra\u00a0\u2014\u00a0Lente.lv"},"content":{"rendered":"<p>Iz\u0161\u0137iro\u0161\u0101 sp\u0113le Neapol\u0113 nosl\u0113dzas ar &#8220;Chelsea&#8221; uzvaru<\/p>\n<p>Neapol\u0113, Stadio Diego Armando Maradona stadion\u0101, risin\u0101j\u0101s UEFA \u010cempionu l\u012bgas grupu turn\u012bra iz\u0161\u0137iro\u0161\u0101 sp\u0113le starp viet\u0113jo &#8220;Napoli&#8221; un Londonas &#8220;Chelsea&#8221;. \u0160\u012b sp\u0113le bija likten\u012bga ab\u0101m komand\u0101m, ta\u010du &#8220;Chelsea&#8221; sp\u0113ja izc\u012bn\u012bt uzvaru ar rezult\u0101tu 3:2, t\u0101d\u0113j\u0101di nodro\u0161inot sev vietu n\u0101kamaj\u0101 k\u0101rt\u0101, kam\u0113r &#8220;Napoli&#8221; n\u0101c\u0101s izst\u0101ties no t\u0101l\u0101k\u0101s c\u012b\u0146as par Eiropas trofeju.<\/p>\n<p>Sp\u0113les gaita un iz\u0161\u0137iro\u0161ie v\u0101rti<\/p>\n<p>Sp\u0113les liktenis iz\u0161\u0137\u012br\u0101s dramatiski, \u012bpa\u0161i t\u0101s nosl\u0113gum\u0101. &#8220;Chelsea&#8221; vad\u012bb\u0101 izvirz\u012bj\u0101s p\u0113c Enco Fernandeza (Enzo Fernandez) realiz\u0113t\u0101 11 metru soda sitiena 19. min\u016bt\u0113. Tom\u0113r &#8220;Napoli&#8221; nedom\u0101ja padoties un pirms p\u0101rtraukuma guva divus v\u0101rtus \u2013 vispirms ar skaistiem sitieniem izc\u0113l\u0101s Antonio Vergara (Antonio Vergara) un Rasmus Hojlund. P\u0113c p\u0101rtraukuma sp\u0113le k\u013cuva v\u0113l saspringt\u0101ka, un &#8220;Chelsea&#8221; rind\u0101s izc\u0113l\u0101s \u017duau Pedru (Joao Pedro), g\u016bstot divus v\u0101rtus (61. un 73. min\u016bt\u0113), no kuriem viens bija uzvaru neso\u0161ais prec\u012bzais sitiens. &#8220;Napoli&#8221; p\u0113d\u0113j\u0101s min\u016bt\u0113s cent\u0101s gl\u0101bt situ\u0101ciju, ta\u010du tas neizdev\u0101s.<\/p>\n<p>Komandu sniegums un statistika<\/p>\n<p>&#8220;Napoli&#8221; \u0161aj\u0101 sezon\u0101 \u010cempionu l\u012bg\u0101 kopum\u0101 ir guvusi 7 v\u0101rtus un ielaidusi 12. Komanda ie\u0146em 25. vietu kopv\u0113rt\u0113jum\u0101 ar 8 punktiem p\u0113c 7 sp\u0113l\u0113m. Vi\u0146u sniegums m\u0101j\u0101s nav bijis p\u0101rliecino\u0161s, lai gan pirms \u0161\u012bs sp\u0113les vi\u0146i nebija zaud\u0113ju\u0161i sav\u0101 laukum\u0101 kop\u0161 decembra s\u0101kuma. &#8220;Chelsea&#8221; savuk\u0101rt par\u0101d\u012bja sp\u0113c\u012bg\u0101ku sniegumu, nodro\u0161inot 6. vietu grupas turn\u012br\u0101 ar 16 punktiem. Vi\u0146u p\u0101rliecino\u0161\u0101 forma, uzvarot p\u0113d\u0113j\u0101s tr\u012bs sp\u0113l\u0113s pirms \u0161\u012b ma\u010da, bija labs priek\u0161v\u0113stnesis vi\u0146u pan\u0101kumam.<\/p>\n<p>Treneru un sp\u0113l\u0113t\u0101ju koment\u0101ri<\/p>\n<p>&#8220;Napoli&#8221; galvenais treneris Antonio Konte (Antonio Conte) p\u0113c sp\u0113les atzina, ka ir liels kauns par zaud\u0113jumu, ta\u010du uzslav\u0113ja savus sp\u0113l\u0113t\u0101jus par demonstr\u0113to sniegumu un labo futbolu. Vi\u0146\u0161 nor\u0101d\u012bja, ka \u0161\u012b sp\u0113le tika iz\u0161\u0137irta individu\u0101l\u0101s meistar\u012bbas d\u0113\u013c, \u012bpa\u0161i izce\u013cot \u017duau Pedru sniegumu. Konte ar\u012b piemin\u0113ja komandas traumu probl\u0113mas un to, ka izsl\u0113g\u0161anas sp\u0113les tika zaud\u0113tas jau iepriek\u0161\u0113j\u0101 sp\u0113l\u0113 pret &#8220;Copenhagen&#8221;. &#8220;Napoli&#8221; kapteinis D\u017eovanni Di Lorenco (Giovanni Di Lorenzo) piekrita, ka komanda zaud\u0113ja iesp\u0113jas Kopenh\u0101gen\u0101 un pie\u013c\u0101va k\u013c\u016bdas, kas maks\u0101ja punktus. Vi\u0146\u0161 ar\u012b akcent\u0113ja eso\u0161\u0101s traumas un nepiecie\u0161am\u012bbu turpin\u0101t c\u012b\u0146u ar t\u0101du pa\u0161u intensit\u0101ti.<\/p>\n<p>Sekas un perspekt\u012bvas<\/p>\n<p>&#8220;Napoli&#8221; izst\u0101\u0161an\u0101s no \u010cempionu l\u012bgas ir nopietns trieciens komandai, kura iepriek\u0161\u0113j\u0101 sezon\u0101 triumf\u0113ja It\u0101lijas A s\u0113rij\u0101. &#8220;Chelsea&#8221;, savuk\u0101rt, nodro\u0161inot vietu n\u0101kamaj\u0101 k\u0101rt\u0101, turpina savu Eiropas amb\u012bciju ce\u013cu. \u0160is rezult\u0101ts ar\u012b par\u0101da Anglijas Premjerl\u012bgas komandu sp\u0113c\u012bgo sniegumu Eiropas klubu turn\u012bros.<\/p>\n","protected":false},"excerpt":{"rendered":"Iz\u0161\u0137iro\u0161\u0101 sp\u0113le Neapol\u0113 nosl\u0113dzas ar &#8220;Chelsea&#8221; uzvaru Neapol\u0113, Stadio Diego Armando Maradona stadion\u0101, risin\u0101j\u0101s UEFA \u010cempionu l\u012bgas grupu&hellip;\n","protected":false},"author":2,"featured_media":119571,"comment_status":"","ping_status":"","sticky":false,"template":"","format":"standard","meta":{"footnotes":"","_share_on_mastodon":"0"},"categories":[17],"tags":[2483,676,2576,35,39,38,36,37,34,40,9801,67,3589],"class_list":["post-119576","post","type-post","status-publish","format-standard","has-post-thumbnail","category-sports","tag-chelsea","tag-futbols","tag-izslegsanas-speles","tag-latvia","tag-latvian","tag-latviesu","tag-latviesu-valoda","tag-latviesuvaloda","tag-latvija","tag-lv","tag-napoli","tag-sports","tag-uefa-cempionu-liga"],"share_on_mastodon":{"url":"https:\/\/pubeurope.com\/@lv\/115998995486445472","error":""},"_links":{"self":[{"href":"https:\/\/www.europesays.com\/lv\/wp-json\/wp\/v2\/posts\/119576","targetHints":{"allow":["GET"]}}],"collection":[{"href":"https:\/\/www.europesays.com\/lv\/wp-json\/wp\/v2\/posts"}],"about":[{"href":"https:\/\/www.europesays.com\/lv\/wp-json\/wp\/v2\/types\/post"}],"author":[{"embeddable":true,"href":"https:\/\/www.europesays.com\/lv\/wp-json\/wp\/v2\/users\/2"}],"replies":[{"embeddable":true,"href":"https:\/\/www.europesays.com\/lv\/wp-json\/wp\/v2\/comments?post=119576"}],"version-history":[{"count":0,"href":"https:\/\/www.europesays.com\/lv\/wp-json\/wp\/v2\/posts\/119576\/revisions"}],"wp:featuredmedia":[{"embeddable":true,"href":"https:\/\/www.europesays.com\/lv\/wp-json\/wp\/v2\/media\/119571"}],"wp:attachment":[{"href":"https:\/\/www.europesays.com\/lv\/wp-json\/wp\/v2\/media?parent=119576"}],"wp:term":[{"taxonomy":"category","embeddable":true,"href":"https:\/\/www.europesays.com\/lv\/wp-json\/wp\/v2\/categories?post=119576"},{"taxonomy":"post_tag","embeddable":true,"href":"https:\/\/www.europesays.com\/lv\/wp-json\/wp\/v2\/tags?post=119576"}],"curies":[{"name":"wp","href":"https:\/\/api.w.org\/{rel}","templated":true}]}}