{"id":11958,"date":"2025-10-04T05:27:22","date_gmt":"2025-10-04T05:27:22","guid":{"rendered":"https:\/\/www.europesays.com\/lv\/11958\/"},"modified":"2025-10-04T05:27:22","modified_gmt":"2025-10-04T05:27:22","slug":"saeima-atbalsta-silinas-valdibu-noraidits-opozicijas-demisijas-pieprasijums-lente-lv","status":"publish","type":"post","link":"https:\/\/www.europesays.com\/lv\/11958\/","title":{"rendered":"Saeima atbalsta Sili\u0146as vald\u012bbu: noraid\u012bts opoz\u012bcijas demisijas piepras\u012bjums\u00a0\u2014\u00a0Lente.lv"},"content":{"rendered":"<p>Saeima noraida opoz\u012bcijas piepras\u012bjumu Sili\u0146as demisijai<\/p>\n<p>\u0160odien, 2. oktobr\u012b, Saeimas deput\u0101tu vair\u0101kums ir noraid\u012bjis opoz\u012bcijas inici\u0113to demisijas piepras\u012bjumu Ministru prezidentei Evikai Sili\u0146ai (Jaun\u0101 Vienot\u012bba). \u0160is l\u0113mums noz\u012bm\u0113, ka Sili\u0146as vad\u012btais Ministru kabinets turpina darbu, neskatoties uz opoz\u012bcijas aicin\u0101jumiem atk\u0101pties.<\/p>\n<p>Opoz\u012bcijas deput\u0101ti bija izteiku\u0161i nopietnas ba\u017eas un kritiku, kas noveda l\u012bdz \u0161im demisijas piepras\u012bjumam. Lai gan prec\u012bzi iemesli opoz\u012bcijas neapmierin\u0101t\u012bbai pla\u0161\u0101k\u0101 m\u0113rog\u0101 netika detaliz\u0113ti skaidroti \u0161aj\u0101 zi\u0146ojum\u0101, \u0161\u0101di politiski so\u013ci parasti seko p\u0113c str\u012bd\u012bgiem l\u0113mumiem, politisk\u0101m nesaska\u0146\u0101m vai sabiedr\u012bb\u0101 raiso\u0161\u0101m diskusij\u0101m.<\/p>\n<p>Politisko sp\u0113ku nost\u0101jas un argumenti<\/p>\n<p>Diskusijas Saeim\u0101 pirms balsojuma bija spraigas, atspogu\u013cojot dzi\u013c\u0101s politisk\u0101s domstarp\u012bbas starp valdo\u0161o koal\u012bciju un opoz\u012bciju. Valdo\u0161\u0101s partijas uzsv\u0113ra nepiecie\u0161am\u012bbu nodro\u0161in\u0101t stabilit\u0101ti un turpin\u0101t ies\u0101kto darbu vald\u012bbas priorit\u0101\u0161u \u012bsteno\u0161an\u0101. Vi\u0146u argument\u0101cija, visticam\u0101k, koncentr\u0113j\u0101s uz to, ka Sili\u0146as vald\u012bba str\u0101d\u0101 efekt\u012bvi un ir sp\u0113j\u012bga risin\u0101t valstij svar\u012bgus jaut\u0101jumus, t\u0101d\u0113j\u0101di noraidot opoz\u012bcijas centienus rad\u012bt politisko kr\u012bzi.<\/p>\n<p>Opoz\u012bcijas p\u0101rst\u0101vji, savuk\u0101rt, cent\u0101s p\u0101rliecin\u0101t kol\u0113\u0123us par nepiecie\u0161am\u012bbu main\u012bt vald\u012bbas kursu vai t\u0101s sast\u0101vu. Vi\u0146u uzrun\u0101s, iesp\u0113jams, tika akcent\u0113tas probl\u0113mas, kuras, p\u0113c vi\u0146u dom\u0101m, vald\u012bba nav sp\u0113jusi pien\u0101c\u012bgi risin\u0101t, vai ar\u012b izteiktas aps\u016bdz\u012bbas par nepietiekamu atbild\u012bbu. \u0160\u0101di piepras\u012bjumi ir ierasta politisk\u0101 instrumenta da\u013ca opoz\u012bcijas darb\u012bb\u0101, lai gan to pan\u0101kumu varb\u016bt\u012bba bie\u017ei ir atkar\u012bga no valdo\u0161\u0101s koal\u012bcijas sp\u0113ka un vienot\u012bbas.<\/p>\n<p>Turpm\u0101kie so\u013ci un politisk\u0101 perspekt\u012bva<\/p>\n<p>Ar Saeimas noraid\u012bto demisijas piepras\u012bjumu politisk\u0101 situ\u0101cija ap Ministru prezidenti Eviku Sili\u0146u uz laiku ir stabiliz\u0113jusies. Tom\u0113r \u0161\u0101ds notikums vienm\u0113r atst\u0101j p\u0113das politiskaj\u0101 ainav\u0101, pastiprinot spriedzi starp politiskajiem sp\u0113kiem. Turpm\u0101kajos m\u0113ne\u0161os b\u016bs interesanti v\u0113rot, k\u0101 Sili\u0146as vald\u012bba rea\u0123\u0113s uz \u0161o izaicin\u0101jumu un vai sp\u0113s nostiprin\u0101t savu poz\u012bciju, vai ar\u012b opoz\u012bcijas kritika turpin\u0101s veidot spiedienu uz vald\u012bbas darbu. Sabiedr\u012bbas uzman\u012bba noteikti tiks turpin\u0101ta v\u0113rot vald\u012bbas sp\u0113ju nodro\u0161in\u0101t efekt\u012bvu un atbild\u012bgu p\u0101rvald\u012bbu.<\/p>\n","protected":false},"excerpt":{"rendered":"Saeima noraida opoz\u012bcijas piepras\u012bjumu Sili\u0146as demisijai \u0160odien, 2. oktobr\u012b, Saeimas deput\u0101tu vair\u0101kums ir noraid\u012bjis opoz\u012bcijas inici\u0113to demisijas piepras\u012bjumu&hellip;\n","protected":false},"author":2,"featured_media":11959,"comment_status":"","ping_status":"","sticky":false,"template":"","format":"standard","meta":{"footnotes":""},"categories":[5],"tags":[23,28,29,4336,1249,32,33,22,30,31,35,39,38,36,37,34,4337,40,20,26,27,141,24,25,4338,21],"class_list":{"0":"post-11958","1":"post","2":"type-post","3":"status-publish","4":"format-standard","5":"has-post-thumbnail","7":"category-aktualitates","8":"tag-aktualitates","9":"tag-breaking-news","10":"tag-breakingnews","11":"tag-demisijas-pieprasijums","12":"tag-evika-silina","13":"tag-featured-news","14":"tag-featurednews","15":"tag-headlines","16":"tag-latest-news","17":"tag-latestnews","18":"tag-latvia","19":"tag-latvian","20":"tag-latviesu","21":"tag-latviesu-valoda","22":"tag-latviesuvaloda","23":"tag-latvija","24":"tag-latvijas-politiska-situacija","25":"tag-lv","26":"tag-news","27":"tag-popularakas-zinas","28":"tag-popularakaszinas","29":"tag-saeima","30":"tag-top-stories","31":"tag-topstories","32":"tag-valdibas-stabilitate","33":"tag-zinas"},"share_on_mastodon":{"url":"","error":""},"_links":{"self":[{"href":"https:\/\/www.europesays.com\/lv\/wp-json\/wp\/v2\/posts\/11958","targetHints":{"allow":["GET"]}}],"collection":[{"href":"https:\/\/www.europesays.com\/lv\/wp-json\/wp\/v2\/posts"}],"about":[{"href":"https:\/\/www.europesays.com\/lv\/wp-json\/wp\/v2\/types\/post"}],"author":[{"embeddable":true,"href":"https:\/\/www.europesays.com\/lv\/wp-json\/wp\/v2\/users\/2"}],"replies":[{"embeddable":true,"href":"https:\/\/www.europesays.com\/lv\/wp-json\/wp\/v2\/comments?post=11958"}],"version-history":[{"count":0,"href":"https:\/\/www.europesays.com\/lv\/wp-json\/wp\/v2\/posts\/11958\/revisions"}],"wp:featuredmedia":[{"embeddable":true,"href":"https:\/\/www.europesays.com\/lv\/wp-json\/wp\/v2\/media\/11959"}],"wp:attachment":[{"href":"https:\/\/www.europesays.com\/lv\/wp-json\/wp\/v2\/media?parent=11958"}],"wp:term":[{"taxonomy":"category","embeddable":true,"href":"https:\/\/www.europesays.com\/lv\/wp-json\/wp\/v2\/categories?post=11958"},{"taxonomy":"post_tag","embeddable":true,"href":"https:\/\/www.europesays.com\/lv\/wp-json\/wp\/v2\/tags?post=11958"}],"curies":[{"name":"wp","href":"https:\/\/api.w.org\/{rel}","templated":true}]}}