{"id":11966,"date":"2025-10-04T05:41:09","date_gmt":"2025-10-04T05:41:09","guid":{"rendered":"https:\/\/www.europesays.com\/lv\/11966\/"},"modified":"2025-10-04T05:41:09","modified_gmt":"2025-10-04T05:41:09","slug":"lasenko-ievelets-fifa-telpu-futbola-komitejas-priekssedetaja-amata-futbols-sportacentrs-com","status":"publish","type":"post","link":"https:\/\/www.europesays.com\/lv\/11966\/","title":{"rendered":"\u013ba\u0161enko iev\u0113l\u0113ts FIFA Telpu futbola komitejas priek\u0161s\u0113d\u0113t\u0101ja amat\u0101 \u2013 Futbols \u2013 Sportacentrs.com"},"content":{"rendered":"<p>K\u0101 zin\u0101ms, 2023. gad\u0101 V. \u013ba\u0161enko k\u013cuva par priek\u0161s\u0113d\u0113t\u0101ju ar\u012b Eiropas Futbola asoci\u0101ciju savien\u012bbas (UEFA) Telpu futbola un Pludmales futbola komitej\u0101. T\u0101d\u0113j\u0101di LFF prezidents \u0161obr\u012bd ir telpu futbola komitejas priek\u0161s\u0113d\u0113t\u0101js div\u0101s vado\u0161aj\u0101s sporta veidu p\u0101rraugo\u0161aj\u0101s organiz\u0101cij\u0101s.<\/p>\n<p>&#8220;Telpu futbols att\u012bst\u0101s \u013coti strauji, tam pieaug auditorija, konkurence visos l\u012bme\u0146os un aug dal\u012bbnieku skaits. Ta\u010du pie sasniegt\u0101 nedr\u012bkst apst\u0101ties, j\u0101turpina veicin\u0101t sporta veida att\u012bst\u012bbu. Mums j\u0101veicina telpu futbola atspogu\u013co\u0161ana medijos. Telpu futbols ir peln\u012bjis daudz pla\u0161\u0101ku atspogu\u013co\u0161anu, sevi\u0161\u0137i viet\u0113j\u0101 m\u0113rog\u0101. T\u0101pat \u013coti noz\u012bm\u012bgs solis b\u016btu telpu futbola iek\u013cau\u0161ana olimpiskaj\u0101 programm\u0101, tas veicin\u0101tu sporta veida popularit\u0101ti glob\u0101l\u0101 m\u0113rog\u0101. Ir daudz izaicin\u0101jumu, pie kuriem neatlaid\u012bgi str\u0101d\u0101sim,&#8221; sac\u012bja. V. \u013ba\u0161enko.<\/p>\n<p>Atg\u0101din\u0101m, ka Latvijas Futbola feder\u0101cija sa\u0146\u0113musi r\u012bko\u0161anas ties\u012bbas 2026. gada Eiropas Telpu futbola \u010dempion\u0101ta fin\u0101lturn\u012bra uz\u0146em\u0161anai. Tas notiks 2026. gada janv\u0101r\u012b un febru\u0101r\u012b. Bi\u013ce\u0161u tirdzniec\u012bba s\u0101ksies jau \u0161om\u0113nes &#8211; 27. oktobr\u012b.<\/p>\n<p>Izmantotie resursi:<br \/><a target=\"_blank\" href=\"https:\/\/lff.lv\/zinas\/18536\/v-lasenko-ievelets-fifa-telpu-futbola-komitejas-priekssedetaja-amata\/\" rel=\"nofollow noopener\">https:\/\/lff.lv\/zinas\/18536\/v-lasenk&#8230;<\/a><\/p>\n","protected":false},"excerpt":{"rendered":"K\u0101 zin\u0101ms, 2023. gad\u0101 V. \u013ba\u0161enko k\u013cuva par priek\u0161s\u0113d\u0113t\u0101ju ar\u012b Eiropas Futbola asoci\u0101ciju savien\u012bbas (UEFA) Telpu futbola un&hellip;\n","protected":false},"author":2,"featured_media":11967,"comment_status":"","ping_status":"","sticky":false,"template":"","format":"standard","meta":{"footnotes":""},"categories":[17],"tags":[676,35,39,38,36,37,34,40,67],"class_list":{"0":"post-11966","1":"post","2":"type-post","3":"status-publish","4":"format-standard","5":"has-post-thumbnail","7":"category-sports","8":"tag-futbols","9":"tag-latvia","10":"tag-latvian","11":"tag-latviesu","12":"tag-latviesu-valoda","13":"tag-latviesuvaloda","14":"tag-latvija","15":"tag-lv","16":"tag-sports"},"share_on_mastodon":{"url":"","error":""},"_links":{"self":[{"href":"https:\/\/www.europesays.com\/lv\/wp-json\/wp\/v2\/posts\/11966","targetHints":{"allow":["GET"]}}],"collection":[{"href":"https:\/\/www.europesays.com\/lv\/wp-json\/wp\/v2\/posts"}],"about":[{"href":"https:\/\/www.europesays.com\/lv\/wp-json\/wp\/v2\/types\/post"}],"author":[{"embeddable":true,"href":"https:\/\/www.europesays.com\/lv\/wp-json\/wp\/v2\/users\/2"}],"replies":[{"embeddable":true,"href":"https:\/\/www.europesays.com\/lv\/wp-json\/wp\/v2\/comments?post=11966"}],"version-history":[{"count":0,"href":"https:\/\/www.europesays.com\/lv\/wp-json\/wp\/v2\/posts\/11966\/revisions"}],"wp:featuredmedia":[{"embeddable":true,"href":"https:\/\/www.europesays.com\/lv\/wp-json\/wp\/v2\/media\/11967"}],"wp:attachment":[{"href":"https:\/\/www.europesays.com\/lv\/wp-json\/wp\/v2\/media?parent=11966"}],"wp:term":[{"taxonomy":"category","embeddable":true,"href":"https:\/\/www.europesays.com\/lv\/wp-json\/wp\/v2\/categories?post=11966"},{"taxonomy":"post_tag","embeddable":true,"href":"https:\/\/www.europesays.com\/lv\/wp-json\/wp\/v2\/tags?post=11966"}],"curies":[{"name":"wp","href":"https:\/\/api.w.org\/{rel}","templated":true}]}}