{"id":120044,"date":"2026-02-02T11:45:09","date_gmt":"2026-02-02T11:45:09","guid":{"rendered":"https:\/\/www.europesays.com\/lv\/120044\/"},"modified":"2026-02-02T11:45:09","modified_gmt":"2026-02-02T11:45:09","slug":"miris-makslinieks-un-pedagogs-janis-galzons","status":"publish","type":"post","link":"https:\/\/www.europesays.com\/lv\/120044\/","title":{"rendered":"Miris m\u0101kslinieks un pedagogs J\u0101nis Galzons"},"content":{"rendered":"<p>Galzons dzimis 1954. gad\u0101 un no 1971. gada m\u0101c\u012bjies R\u012bgas Lieti\u0161\u0137\u0101s m\u0101kslas vidusskolas Telpu dekorat\u012bv\u0101s noform\u0113\u0161anas noda\u013c\u0101, ko beidzis 1977. gad\u0101. P\u0113c absolv\u0113\u0161anas no 1977. l\u012bdz 1986. gadam vi\u0146\u0161 darbojies lieti\u0161\u0137aj\u0101 grafik\u0101.<\/p>\n<p>No 1987. gada Galzons stud\u0113jis Teodora Za\u013ckalna Valsts M\u0101kslas akad\u0113mijas Pedago\u0123ijas noda\u013c\u0101, ko absolv\u0113ja 1993. gad\u0101 ar diplomdarbu &#8211; gleznu ciklu &#8220;Torss&#8221; un teor\u0113tisko darbu &#8220;Idejas arheolo\u0123ija&#8221;. Studiju laik\u0101 no 1986. l\u012bdz 1988. gadam bijis <a href=\"https:\/\/www.apollo.lv\/term\/565595\/pedagogs\" class=\"topicLink\" target=\"_blank\" rel=\"nofollow noopener\">pedagogs<\/a> R\u012bgas M\u0101kslas skol\u0101, bet no 1988. l\u012bdz 1989. gadam bijis pedagogs Valmieras M\u0101kslas un dizaina vidusskol\u0101.<\/p>\n<p>Galzons 1989. gad\u0101 dibin\u0101jis R\u016bjienas M\u0101kslas skolu un l\u012bdz 2025. gadam bijis t\u0101s direktors.<\/p>\n<p>Izst\u0101d\u0113s <a href=\"https:\/\/www.apollo.lv\/term\/577192\/makslinieks\" class=\"topicLink\" target=\"_blank\" rel=\"nofollow noopener\">m\u0101kslinieks<\/a> piedal\u012bjies kop\u0161 1977. gada. Vi\u0146\u0161 r\u012bkojis person\u0101lizst\u0101des un piedal\u012bjies izst\u0101d\u0113s Latvij\u0101, Igaunij\u0101 un V\u0101cij\u0101. Viena no p\u0113d\u0113j\u0101m izst\u0101d\u0113m &#8220;Laika atmi\u0146as&#8221;, kas tika r\u012bkota kop\u0101 ar sievu, gleznot\u0101ju un pedago\u0123i Antru Galzoni, notika R\u016bjienas izst\u0101\u017eu z\u0101l\u0113 2023. gad\u0101.<\/p>\n","protected":false},"excerpt":{"rendered":"Galzons dzimis 1954. gad\u0101 un no 1971. gada m\u0101c\u012bjies R\u012bgas Lieti\u0161\u0137\u0101s m\u0101kslas vidusskolas Telpu dekorat\u012bv\u0101s noform\u0113\u0161anas noda\u013c\u0101, ko&hellip;\n","protected":false},"author":2,"featured_media":120045,"comment_status":"","ping_status":"","sticky":false,"template":"","format":"standard","meta":{"footnotes":"","_share_on_mastodon":"0"},"categories":[12],"tags":[23,28,29,32,33,22,27425,30,31,35,39,38,36,37,34,40,10092,20,20740,26,27,24,25,21],"class_list":["post-120044","post","type-post","status-publish","format-standard","has-post-thumbnail","category-latvija","tag-aktualitates","tag-breaking-news","tag-breakingnews","tag-featured-news","tag-featurednews","tag-headlines","tag-janis-galzons","tag-latest-news","tag-latestnews","tag-latvia","tag-latvian","tag-latviesu","tag-latviesu-valoda","tag-latviesuvaloda","tag-latvija","tag-lv","tag-makslinieks","tag-news","tag-pedagogs","tag-popularakas-zinas","tag-popularakaszinas","tag-top-stories","tag-topstories","tag-zinas"],"share_on_mastodon":{"url":"https:\/\/pubeurope.com\/@lv\/116000871206375402","error":""},"_links":{"self":[{"href":"https:\/\/www.europesays.com\/lv\/wp-json\/wp\/v2\/posts\/120044","targetHints":{"allow":["GET"]}}],"collection":[{"href":"https:\/\/www.europesays.com\/lv\/wp-json\/wp\/v2\/posts"}],"about":[{"href":"https:\/\/www.europesays.com\/lv\/wp-json\/wp\/v2\/types\/post"}],"author":[{"embeddable":true,"href":"https:\/\/www.europesays.com\/lv\/wp-json\/wp\/v2\/users\/2"}],"replies":[{"embeddable":true,"href":"https:\/\/www.europesays.com\/lv\/wp-json\/wp\/v2\/comments?post=120044"}],"version-history":[{"count":0,"href":"https:\/\/www.europesays.com\/lv\/wp-json\/wp\/v2\/posts\/120044\/revisions"}],"wp:featuredmedia":[{"embeddable":true,"href":"https:\/\/www.europesays.com\/lv\/wp-json\/wp\/v2\/media\/120045"}],"wp:attachment":[{"href":"https:\/\/www.europesays.com\/lv\/wp-json\/wp\/v2\/media?parent=120044"}],"wp:term":[{"taxonomy":"category","embeddable":true,"href":"https:\/\/www.europesays.com\/lv\/wp-json\/wp\/v2\/categories?post=120044"},{"taxonomy":"post_tag","embeddable":true,"href":"https:\/\/www.europesays.com\/lv\/wp-json\/wp\/v2\/tags?post=120044"}],"curies":[{"name":"wp","href":"https:\/\/api.w.org\/{rel}","templated":true}]}}