{"id":12033,"date":"2025-10-04T07:11:15","date_gmt":"2025-10-04T07:11:15","guid":{"rendered":"https:\/\/www.europesays.com\/lv\/12033\/"},"modified":"2025-10-04T07:11:15","modified_gmt":"2025-10-04T07:11:15","slug":"mes-pienemam-lemumus-fifa-stingri-iestajas-pret-trampa-draudiem-pasaules-kausa-rikotajpilsetam","status":"publish","type":"post","link":"https:\/\/www.europesays.com\/lv\/12033\/","title":{"rendered":"&#8220;M\u0113s pie\u0146emam l\u0113mumus!&#8221; \u2013 FIFA stingri iest\u0101jas pret Trampa draudiem Pasaules kausa r\u012bkot\u0101jpils\u0113t\u0101m"},"content":{"rendered":"<p>ASV prezidents <a rel=\"noopener nofollow\" target=\"_blank\" href=\"https:\/\/www.delfi.lv\/temas\/42006990\/donalds-tramps\" tag-id=\"42006990\">Donalds Tramps<\/a> ar ska\u013ciem izteikumiem atkal izrais\u012bjis rezonansi sporta pasaul\u0113, \u0161oreiz izsakot draudus 2026. gada Pasaules kausa fin\u0101lturn\u012bra organizatorpils\u0113t\u0101m. Tramps pazi\u0146oja, ka ir gatavs p\u0101rcelt ma\u010dus prom no Sietlas un Sanfrancisko, ja \u0161o pils\u0113tu vad\u012bbas neatbalst\u012bs vi\u0146a stingro imigr\u0101cijas politiku, raksta &#8220;The Guardian&#8221;.<\/p>\n<p class=\"m-0\">Seko &#8220;Delfi&#8221; ar\u012b  <a target=\"_blank\" href=\"https:\/\/www.instagram.com\/delfi.lv\/\" rel=\"nofollow noopener\">Instagram<\/a>  un <a target=\"_blank\" href=\"https:\/\/www.youtube.com\/channel\/UCw5foWtcJvAbUm64rv7jwUQ\" rel=\"nofollow noopener\">YouTube<\/a>  profil\u0101 \u2013 pievienojies, lai uzzin\u0101tu svar\u012bg\u0101ko un interesant\u0101ko pirmais!<\/p>\n<p>Publik\u0101cijas saturs vai t\u0101s jebk\u0101da apjoma da\u013ca ir aizsarg\u0101ts autorties\u012bbu objekts Autorties\u012bbu likuma izpratn\u0113, un t\u0101 izmanto\u0161ana bez izdev\u0113ja at\u013caujas ir aizliegta. Vair\u0101k lasi  <a target=\"_blank\" href=\"https:\/\/www.delfi.lv\/noteikumi#autortiesibas\" rel=\"nofollow noopener\">\u0161eit<\/a><script async src=\"\/\/www.instagram.com\/embed.js\"><\/script><\/p>\n","protected":false},"excerpt":{"rendered":"ASV prezidents Donalds Tramps ar ska\u013ciem izteikumiem atkal izrais\u012bjis rezonansi sporta pasaul\u0113, \u0161oreiz izsakot draudus 2026. gada Pasaules&hellip;\n","protected":false},"author":2,"featured_media":12034,"comment_status":"","ping_status":"","sticky":false,"template":"","format":"standard","meta":{"footnotes":""},"categories":[17],"tags":[542,2684,676,35,39,38,36,37,34,40,2560,67],"class_list":{"0":"post-12033","1":"post","2":"type-post","3":"status-publish","4":"format-standard","5":"has-post-thumbnail","7":"category-sports","8":"tag-donalds-tramps","9":"tag-fifa","10":"tag-futbols","11":"tag-latvia","12":"tag-latvian","13":"tag-latviesu","14":"tag-latviesu-valoda","15":"tag-latviesuvaloda","16":"tag-latvija","17":"tag-lv","18":"tag-pasaules-kauss","19":"tag-sports"},"share_on_mastodon":{"url":"","error":""},"_links":{"self":[{"href":"https:\/\/www.europesays.com\/lv\/wp-json\/wp\/v2\/posts\/12033","targetHints":{"allow":["GET"]}}],"collection":[{"href":"https:\/\/www.europesays.com\/lv\/wp-json\/wp\/v2\/posts"}],"about":[{"href":"https:\/\/www.europesays.com\/lv\/wp-json\/wp\/v2\/types\/post"}],"author":[{"embeddable":true,"href":"https:\/\/www.europesays.com\/lv\/wp-json\/wp\/v2\/users\/2"}],"replies":[{"embeddable":true,"href":"https:\/\/www.europesays.com\/lv\/wp-json\/wp\/v2\/comments?post=12033"}],"version-history":[{"count":0,"href":"https:\/\/www.europesays.com\/lv\/wp-json\/wp\/v2\/posts\/12033\/revisions"}],"wp:featuredmedia":[{"embeddable":true,"href":"https:\/\/www.europesays.com\/lv\/wp-json\/wp\/v2\/media\/12034"}],"wp:attachment":[{"href":"https:\/\/www.europesays.com\/lv\/wp-json\/wp\/v2\/media?parent=12033"}],"wp:term":[{"taxonomy":"category","embeddable":true,"href":"https:\/\/www.europesays.com\/lv\/wp-json\/wp\/v2\/categories?post=12033"},{"taxonomy":"post_tag","embeddable":true,"href":"https:\/\/www.europesays.com\/lv\/wp-json\/wp\/v2\/tags?post=12033"}],"curies":[{"name":"wp","href":"https:\/\/api.w.org\/{rel}","templated":true}]}}