{"id":120495,"date":"2026-02-02T20:22:26","date_gmt":"2026-02-02T20:22:26","guid":{"rendered":"https:\/\/www.europesays.com\/lv\/120495\/"},"modified":"2026-02-02T20:22:26","modified_gmt":"2026-02-02T20:22:26","slug":"tas-faktiski-ir-genocids-rinkevics-par-krievijas-ricibu-ukraina","status":"publish","type":"post","link":"https:\/\/www.europesays.com\/lv\/120495\/","title":{"rendered":"\u201cTas faktiski ir genoc\u012bds\u201d \u2013 Rink\u0113vi\u010ds par Krievijas r\u012bc\u012bbu Ukrain\u0101 &#8211;"},"content":{"rendered":"<p style=\"text-align: justify;\">Krievijas pa\u0161reiz\u0113jie uzbrukumi civilajai energoinfrastrukt\u016brai \u201cfaktiski tuvojas genoc\u012bdam\u201d, pirmdien intervij\u0101 LTV \u201cR\u012bta panor\u0101m\u0101\u201d v\u0113rt\u0113ja Latvijas prezidents Edgars Rink\u0113vi\u010ds.<\/p>\n<p style=\"text-align: justify;\">P\u0113c prezidenta v\u0101rdiem, Krievijas \u012bstenot\u0101 Ukrainas energoinfrastrukt\u016bras izn\u012bcin\u0101\u0161ana bargas ziemas laik\u0101 \u201ctuvojas k\u0101rt\u0113jiem kara noziegumiem vai faktiski genoc\u012bdam\u201d.<\/p>\n<p style=\"text-align: justify;\">Politi\u0137is v\u0113rt\u0113ja, ka diplom\u0101tisks risin\u0101jums Krievijas s\u0101ktajam karam pagaid\u0101m nav gaid\u0101ms, bet vi\u0146\u0161 b\u016b\u0161ot tikai priec\u012bgs, ja \u0161aj\u0101 v\u0113rt\u0113jum\u0101 b\u016bs k\u013c\u016bd\u012bjies.<\/p>\n<p style=\"text-align: justify;\">Rink\u0113vi\u010ds atk\u0101rtoti uzsv\u0113ra, ka galvenais \u0161\u0137\u0113rslis non\u0101kt pie rezult\u0101ta miera un pamiera sarun\u0101s ir Krievija, kuru ac\u012bmredzot vada cer\u012bba piln\u012bb\u0101 pak\u013caut Ukrainu, t\u0101p\u0113c t\u0101 neizskat\u0101s gatava kompromisiem.<\/p>\n<p style=\"text-align: justify;\">Latvijas politi\u0137is sprieda, ka ietekmes sviras Rietumiem \u0161aj\u0101 konflikt\u0101 v\u0113l ir, piem\u0113ram, liel\u0101ks finans\u0113jums un pieg\u0101des Ukrainai, pla\u0161\u0101kas sankcijas pret Krieviju un liel\u0101ks diplom\u0101tiskais spiediens pret to.<\/p>\n<p style=\"text-align: justify;\">K\u0101 zi\u0146ots, Krievija \u0161oziem izv\u0113r\u0161 \u013coti akt\u012bvus uzbrukumus Ukrainas energoinfrastrukt\u016brai, barg\u0101 ziemas sal\u0101 simtiem t\u016bksto\u0161us cilv\u0113ku regul\u0101ri atst\u0101jot bez siltuma un elektr\u012bbas. Tie\u0161\u0101 frontes l\u012bnij\u0101 Krievijai izr\u0101vienu rado\u0161u pan\u0101kumu nav.<\/p>\n","protected":false},"excerpt":{"rendered":"Krievijas pa\u0161reiz\u0113jie uzbrukumi civilajai energoinfrastrukt\u016brai \u201cfaktiski tuvojas genoc\u012bdam\u201d, pirmdien intervij\u0101 LTV \u201cR\u012bta panor\u0101m\u0101\u201d v\u0113rt\u0113ja Latvijas prezidents Edgars Rink\u0113vi\u010ds.&hellip;\n","protected":false},"author":2,"featured_media":120496,"comment_status":"","ping_status":"","sticky":false,"template":"","format":"standard","meta":{"footnotes":"","_share_on_mastodon":"0"},"categories":[14],"tags":[23,57,13952,28,29,816,32,33,27488,22,7534,3354,27489,20394,30,31,35,39,38,36,37,34,27490,27491,40,20,26,27,515,25884,24,25,27492,27493,54,55,56,21,58],"class_list":["post-120495","post","type-post","status-publish","format-standard","has-post-thumbnail","category-zinas-no-arvalstim","tag-aktualitates","tag-arvalstim","tag-atbalsts-ukrainai","tag-breaking-news","tag-breakingnews","tag-edgars-rinkevics","tag-featured-news","tag-featurednews","tag-genocids","tag-headlines","tag-kara-noziegumi","tag-kars-ukraina","tag-krievija-ukraina-zinas","tag-krievijas-uzbrukumi-ukrainai","tag-latest-news","tag-latestnews","tag-latvia","tag-latvian","tag-latviesu","tag-latviesu-valoda","tag-latviesuvaloda","tag-latvija","tag-latvijas-prezidenta-viedoklis","tag-ltv-rita-panorama","tag-lv","tag-news","tag-popularakas-zinas","tag-popularakaszinas","tag-sankcijas-pret-krieviju","tag-svarigi","tag-top-stories","tag-topstories","tag-ukrainas-energoinfrastruktura","tag-uzbrukumi-civilajai-infrastrukturai","tag-world","tag-world-news","tag-worldnews","tag-zinas","tag-zinas-no-arvalstim"],"share_on_mastodon":{"url":"","error":"Validation failed: Text character limit of 500 exceeded"},"_links":{"self":[{"href":"https:\/\/www.europesays.com\/lv\/wp-json\/wp\/v2\/posts\/120495","targetHints":{"allow":["GET"]}}],"collection":[{"href":"https:\/\/www.europesays.com\/lv\/wp-json\/wp\/v2\/posts"}],"about":[{"href":"https:\/\/www.europesays.com\/lv\/wp-json\/wp\/v2\/types\/post"}],"author":[{"embeddable":true,"href":"https:\/\/www.europesays.com\/lv\/wp-json\/wp\/v2\/users\/2"}],"replies":[{"embeddable":true,"href":"https:\/\/www.europesays.com\/lv\/wp-json\/wp\/v2\/comments?post=120495"}],"version-history":[{"count":0,"href":"https:\/\/www.europesays.com\/lv\/wp-json\/wp\/v2\/posts\/120495\/revisions"}],"wp:featuredmedia":[{"embeddable":true,"href":"https:\/\/www.europesays.com\/lv\/wp-json\/wp\/v2\/media\/120496"}],"wp:attachment":[{"href":"https:\/\/www.europesays.com\/lv\/wp-json\/wp\/v2\/media?parent=120495"}],"wp:term":[{"taxonomy":"category","embeddable":true,"href":"https:\/\/www.europesays.com\/lv\/wp-json\/wp\/v2\/categories?post=120495"},{"taxonomy":"post_tag","embeddable":true,"href":"https:\/\/www.europesays.com\/lv\/wp-json\/wp\/v2\/tags?post=120495"}],"curies":[{"name":"wp","href":"https:\/\/api.w.org\/{rel}","templated":true}]}}