{"id":12054,"date":"2025-10-04T07:49:07","date_gmt":"2025-10-04T07:49:07","guid":{"rendered":"https:\/\/www.europesays.com\/lv\/12054\/"},"modified":"2025-10-04T07:49:07","modified_gmt":"2025-10-04T07:49:07","slug":"piektdienas-vakara-dronu-del-atkal-aptureta-minhenes-lidostas-darbiba","status":"publish","type":"post","link":"https:\/\/www.europesays.com\/lv\/12054\/","title":{"rendered":"Piektdienas vakar\u0101 dronu d\u0113\u013c atkal aptur\u0113ta Minhenes lidostas darb\u012bba"},"content":{"rendered":"<p>Policija m\u0113\u0123ina noskaidrot, vai lidostas teritorij\u0101 vai t\u0101s tuvum\u0101 tie\u0161\u0101m atrodas bezpilota lidapar\u0101ti.<\/p>\n<p>Lidostas vietn\u0113 tika zi\u0146ots par redz\u0113tiem droniem, tom\u0113r \u0161\u012bs zi\u0146as v\u0113l nav apstiprin\u0101tas.<\/p>\n<p>V\u0101cijas gaisa satiksmes kontroles dienests piesardz\u012bbas apsv\u0113rumu d\u0113\u013c aptur\u0113ja lidojumu oper\u0101cijas \u0161aj\u0101 lidost\u0101. \u0160is l\u0113mums sk\u0101ra daudzus izejo\u0161os un ien\u0101ko\u0161os reisus piektdienas vakar\u0101, bet v\u0113l nebija zin\u0101ms, cik daudz pasa\u017eieru tas ietekm\u0113ja.<\/p>\n<blockquote class=\"twitter-tweet\">\n<p lang=\"en\" dir=\"ltr\">\ud83c\udde9\ud83c\uddea Unknown drones were spotted on Thursday evening, around 10:30 p.m., over Munich Airport<\/p>\n<p>Dozens of flights were delayed, more than 3000 passengers were waiting for the airspace to reopen, &#8211; Bild (<a href=\"https:\/\/t.co\/T4Au84yeY0\" rel=\"nofollow\">https:\/\/t.co\/T4Au84yeY0<\/a>)<\/p>\n<p>Capture of one of the &#8220;drones&#8221; who caused the closer to\u2026 <a href=\"https:\/\/t.co\/WwbBO8VaC8\" rel=\"nofollow\">pic.twitter.com\/WwbBO8VaC8<\/a><\/p>\n<p>\u2014 Pisklauren (@pisklauren) <a href=\"https:\/\/twitter.com\/pisklauren\/status\/1974181276530991140?ref_src=twsrc%5Etfw\" rel=\"nofollow noopener\" target=\"_blank\">October 3, 2025<\/a><\/p><\/blockquote>\n<p>Ceturtdienas vakar\u0101 Minhenes lidostas skrejce\u013ci tika sl\u0113gti viena vai vair\u0101ku dronu d\u0113\u013c, kas tiku\u0161i redz\u0113ti virs lidostas un t\u0101s apk\u0101rtn\u0113. Viens drons tika redz\u0113ts ar\u012b virs Bundesv\u0113ra objekta lidostas tuvum\u0101.<\/p>\n<p>Ceturtdienas vakar\u0101 reisi Minhenes lidost\u0101 tika atcelti vai novirz\u012bti uz cit\u0101m lidost\u0101m, ietekm\u0113jot aptuveni 3000 pasa\u017eierus. Simtiem cilv\u0113ku n\u0101c\u0101s pavad\u012bt nakti lidostas termin\u0101\u013cos. Lidosta piektdienas r\u012bt\u0101 ats\u0101ka darbu norm\u0101l\u0101 re\u017e\u012bm\u0101.<\/p>\n<p>P\u0113c dronu izrais\u012btajiem trauc\u0113jumiem Minhenes lidost\u0101 Bav\u0101rijas feder\u0101l\u0101 zeme gatavojas pie\u0161\u0137irt policijai pilnvaras \u0161aut uz aizdom\u012bgiem droniem. Dr\u012bzum\u0101 tiks izstr\u0101d\u0101ts attiec\u012bgs likumprojekts.<\/p>\n<p><script async src=\"https:\/\/platform.twitter.com\/widgets.js\" charset=\"utf-8\"><\/script><\/p>\n","protected":false},"excerpt":{"rendered":"Policija m\u0113\u0123ina noskaidrot, vai lidostas teritorij\u0101 vai t\u0101s tuvum\u0101 tie\u0161\u0101m atrodas bezpilota lidapar\u0101ti. Lidostas vietn\u0113 tika zi\u0146ots par&hellip;\n","protected":false},"author":2,"featured_media":12055,"comment_status":"","ping_status":"","sticky":false,"template":"","format":"standard","meta":{"footnotes":""},"categories":[14],"tags":[23,57,28,29,75,32,33,1134,22,1571,30,31,35,39,38,36,37,34,40,20,26,27,24,25,299,54,55,56,21,58],"class_list":{"0":"post-12054","1":"post","2":"type-post","3":"status-publish","4":"format-standard","5":"has-post-thumbnail","7":"category-zinas-no-arvalstim","8":"tag-aktualitates","9":"tag-arvalstim","10":"tag-breaking-news","11":"tag-breakingnews","12":"tag-droni","13":"tag-featured-news","14":"tag-featurednews","15":"tag-gaisa-satiksme","16":"tag-headlines","17":"tag-hibridkars","18":"tag-latest-news","19":"tag-latestnews","20":"tag-latvia","21":"tag-latvian","22":"tag-latviesu","23":"tag-latviesu-valoda","24":"tag-latviesuvaloda","25":"tag-latvija","26":"tag-lv","27":"tag-news","28":"tag-popularakas-zinas","29":"tag-popularakaszinas","30":"tag-top-stories","31":"tag-topstories","32":"tag-vacija","33":"tag-world","34":"tag-world-news","35":"tag-worldnews","36":"tag-zinas","37":"tag-zinas-no-arvalstim"},"share_on_mastodon":{"url":"","error":""},"_links":{"self":[{"href":"https:\/\/www.europesays.com\/lv\/wp-json\/wp\/v2\/posts\/12054","targetHints":{"allow":["GET"]}}],"collection":[{"href":"https:\/\/www.europesays.com\/lv\/wp-json\/wp\/v2\/posts"}],"about":[{"href":"https:\/\/www.europesays.com\/lv\/wp-json\/wp\/v2\/types\/post"}],"author":[{"embeddable":true,"href":"https:\/\/www.europesays.com\/lv\/wp-json\/wp\/v2\/users\/2"}],"replies":[{"embeddable":true,"href":"https:\/\/www.europesays.com\/lv\/wp-json\/wp\/v2\/comments?post=12054"}],"version-history":[{"count":0,"href":"https:\/\/www.europesays.com\/lv\/wp-json\/wp\/v2\/posts\/12054\/revisions"}],"wp:featuredmedia":[{"embeddable":true,"href":"https:\/\/www.europesays.com\/lv\/wp-json\/wp\/v2\/media\/12055"}],"wp:attachment":[{"href":"https:\/\/www.europesays.com\/lv\/wp-json\/wp\/v2\/media?parent=12054"}],"wp:term":[{"taxonomy":"category","embeddable":true,"href":"https:\/\/www.europesays.com\/lv\/wp-json\/wp\/v2\/categories?post=12054"},{"taxonomy":"post_tag","embeddable":true,"href":"https:\/\/www.europesays.com\/lv\/wp-json\/wp\/v2\/tags?post=12054"}],"curies":[{"name":"wp","href":"https:\/\/api.w.org\/{rel}","templated":true}]}}