{"id":12056,"date":"2025-10-04T07:50:21","date_gmt":"2025-10-04T07:50:21","guid":{"rendered":"https:\/\/www.europesays.com\/lv\/12056\/"},"modified":"2025-10-04T07:50:21","modified_gmt":"2025-10-04T07:50:21","slug":"no-nakama-gada-planots-celt-minimalo-algu","status":"publish","type":"post","link":"https:\/\/www.europesays.com\/lv\/12056\/","title":{"rendered":"No n\u0101kam\u0101 gada pl\u0101nots celt minim\u0101lo algu"},"content":{"rendered":"<p>Jau v\u0113st\u012bts, ka par 40 eiro n\u0101kamgad pieaugs ar\u012b neapliekamais minimums &#8211; no 510 l\u012bdz 550 eiro m\u0113nes\u012b.<\/p>\n<p>LM nor\u0101da, ka p\u0113rn minim\u0101l\u0101s algas sa\u0146\u0113m\u0113ju \u012bpatsvars ir bijis zem\u0101kais p\u0113d\u0113jo piecu gadu laik\u0101, samazinoties l\u012bdz 15,3%.<\/p>\n<p>Saska\u0146\u0101 ar Centr\u0101l\u0101s statistikas p\u0101rvaldes datiem 2024.gad\u0101 vid\u0113ji 117 895 darba \u0146\u0113m\u0113ji jeb 15,3% sa\u0146\u0113ma minim\u0101lo algu vai maz\u0101k, kas bija par 4,1 procentpunktu maz\u0101k nek\u0101 tr\u012bs gadus iepriek\u0161, kad \u0161\u0101du cilv\u0113ku \u012bpatsvars darba \u0146\u0113m\u0113ju vid\u016b bija 19,4%.<\/p>\n<p>Kopum\u0101 p\u0113rn Latvij\u0101 bija nodarbin\u0101ti 816 545 iedz\u012bvot\u0101ji.<\/p>\n<p>LM skaidro, ka minim\u0101l\u0101s algas pieaugums tie\u0161\u0101 veid\u0101 palielina mazo algu sa\u0146\u0113m\u0113ju pirktsp\u0113ju, pozit\u012bvi ietekm\u0113jot iek\u0161\u0113jo piepras\u012bjumu, kas ir viens no balstiem ekonomikas izaugsmei. T\u0101pat tas veicin\u0101\u0161ot algu izl\u012bdzin\u0101\u0161anos starp Baltijas valst\u012bm, k\u0101 ar\u012b algu tuvin\u0101\u0161anos p\u0101r\u0113jo ES valstu vid\u0113jam l\u012bmenim, kas ir viens no instrumentiem emigr\u0101cijas pl\u016bsmas samazin\u0101\u0161anai.<\/p>\n<p>Vienlaikus algu pieaugums var k\u013c\u016bt par nopietnu stimulu jaunu konkur\u0113tsp\u0113jas priek\u0161roc\u012bbu, kas nav saist\u012btas ar zem\u0101m darbasp\u0113ka izmaks\u0101m, rad\u012b\u0161anai. Tas var ar\u012b veicin\u0101t inov\u0101ciju un invest\u012bcijas jaunaj\u0101s tehnolo\u0123ij\u0101s, lai samazin\u0101tu izmaksas un palielin\u0101tu ra\u017eo\u0161anas resursu produktivit\u0101ti, nor\u0101da LM.<\/p>\n<p>\u0160\u0101ds risin\u0101jums ar\u012b labv\u0113l\u012bgi ietekm\u0113\u0161ot konkurenci un mazin\u0101\u0161ot \u0113nu ekonomiku nozar\u0113s, kuras ir vair\u0101k pak\u013cautas \u0113nu ekonomikas riskiem un kur\u0101s ir augst\u0101ks minim\u0101l\u0101s m\u0113ne\u0161a darba algas sa\u0146\u0113m\u0113ju \u012bpatsvars.<\/p>\n<p>Zi\u0146ojum\u0101 nor\u0101d\u012bts, ka minim\u0101l\u0101s m\u0113ne\u0161a darba algas apm\u0113ra izmai\u0146as nevar uzskat\u012bt par darba dev\u0113ja administrat\u012bv\u0101 sloga palielin\u0101jumu.<\/p>\n","protected":false},"excerpt":{"rendered":"Jau v\u0113st\u012bts, ka par 40 eiro n\u0101kamgad pieaugs ar\u012b neapliekamais minimums &#8211; no 510 l\u012bdz 550 eiro m\u0113nes\u012b.&hellip;\n","protected":false},"author":2,"featured_media":12057,"comment_status":"","ping_status":"","sticky":false,"template":"","format":"standard","meta":{"footnotes":""},"categories":[12],"tags":[23,28,29,32,33,22,30,31,35,39,38,36,37,34,40,4354,4353,20,26,27,24,25,21],"class_list":{"0":"post-12056","1":"post","2":"type-post","3":"status-publish","4":"format-standard","5":"has-post-thumbnail","7":"category-latvija","8":"tag-aktualitates","9":"tag-breaking-news","10":"tag-breakingnews","11":"tag-featured-news","12":"tag-featurednews","13":"tag-headlines","14":"tag-latest-news","15":"tag-latestnews","16":"tag-latvia","17":"tag-latvian","18":"tag-latviesu","19":"tag-latviesu-valoda","20":"tag-latviesuvaloda","21":"tag-latvija","22":"tag-lv","23":"tag-minimala-alga","24":"tag-nauda","25":"tag-news","26":"tag-popularakas-zinas","27":"tag-popularakaszinas","28":"tag-top-stories","29":"tag-topstories","30":"tag-zinas"},"share_on_mastodon":{"url":"","error":""},"_links":{"self":[{"href":"https:\/\/www.europesays.com\/lv\/wp-json\/wp\/v2\/posts\/12056","targetHints":{"allow":["GET"]}}],"collection":[{"href":"https:\/\/www.europesays.com\/lv\/wp-json\/wp\/v2\/posts"}],"about":[{"href":"https:\/\/www.europesays.com\/lv\/wp-json\/wp\/v2\/types\/post"}],"author":[{"embeddable":true,"href":"https:\/\/www.europesays.com\/lv\/wp-json\/wp\/v2\/users\/2"}],"replies":[{"embeddable":true,"href":"https:\/\/www.europesays.com\/lv\/wp-json\/wp\/v2\/comments?post=12056"}],"version-history":[{"count":0,"href":"https:\/\/www.europesays.com\/lv\/wp-json\/wp\/v2\/posts\/12056\/revisions"}],"wp:featuredmedia":[{"embeddable":true,"href":"https:\/\/www.europesays.com\/lv\/wp-json\/wp\/v2\/media\/12057"}],"wp:attachment":[{"href":"https:\/\/www.europesays.com\/lv\/wp-json\/wp\/v2\/media?parent=12056"}],"wp:term":[{"taxonomy":"category","embeddable":true,"href":"https:\/\/www.europesays.com\/lv\/wp-json\/wp\/v2\/categories?post=12056"},{"taxonomy":"post_tag","embeddable":true,"href":"https:\/\/www.europesays.com\/lv\/wp-json\/wp\/v2\/tags?post=12056"}],"curies":[{"name":"wp","href":"https:\/\/api.w.org\/{rel}","templated":true}]}}