{"id":120636,"date":"2026-02-02T23:30:13","date_gmt":"2026-02-02T23:30:13","guid":{"rendered":"https:\/\/www.europesays.com\/lv\/120636\/"},"modified":"2026-02-02T23:30:13","modified_gmt":"2026-02-02T23:30:13","slug":"sestdien-latvija-saglabasies-vess-laiks-ar-saulainam-debesim-lente-lv","status":"publish","type":"post","link":"https:\/\/www.europesays.com\/lv\/120636\/","title":{"rendered":"Sestdien Latvij\u0101 saglab\u0101sies v\u0113ss laiks ar saulain\u0101m debes\u012bm\u00a0\u2014\u00a0Lente.lv"},"content":{"rendered":"<p>Skaidrs un sauss laiks p\u0101rsvar\u0101<\/p>\n<p>Sestdien Latvij\u0101 laika apst\u0101k\u013cus liel\u0101 m\u0113r\u0101 noteiks anticiklons, kas nodro\u0161in\u0101s saulainu un sausu laiku liel\u0101kaj\u0101 da\u013c\u0101 valsts. Lai gan debesis liel\u0101koties b\u016bs skaidras, br\u012b\u017eiem iesp\u0113jamas nelielas m\u0101ko\u0146u virpu\u013co\u0161anas, ta\u010du nokri\u0161\u0146i nav gaid\u0101mi. Turpin\u0101sies aukstais laiks, kas raksturo \u0161o ziemu Latvij\u0101.<\/p>\n<p>Temperat\u016bras prognoze sestdienai<\/p>\n<p>Gaisa temperat\u016bra sestdien Latvij\u0101 saglab\u0101sies zema, atbilsto\u0161i \u0161\u012b br\u012b\u017ea ziemas sezonai. Dienas laik\u0101 termometra stabi\u0146\u0161 liel\u0101kaj\u0101 da\u013c\u0101 teritorijas sv\u0101rst\u012bsies ap -10 l\u012bdz -17 gr\u0101diem p\u0113c Celsija. Savuk\u0101rt valsts zieme\u013crietumu da\u013c\u0101, \u012bpa\u0161i Kurzemes zieme\u013cos, gaiss var\u0113tu iesilt l\u012bdz -7 l\u012bdz -10 gr\u0101diem. Nakt\u012b temperat\u016bra prognoz\u0113ta v\u0113l zem\u0101ka, daudzviet nosl\u012bdot l\u012bdz -21 l\u012bdz -28 gr\u0101diem, savuk\u0101rt piekrastes rajonos, \u012bpa\u0161i Kurzem\u0113, b\u016bs nedaudz silt\u0101ks, ar minim\u0101lo temperat\u016bru ap -15 l\u012bdz -19 gr\u0101diem.<\/p>\n<p>V\u0113ja un atmosf\u0113ras spiediena raksturojums<\/p>\n<p>V\u0113j\u0161 sestdien p\u016bt\u012bs l\u0113ni, galvenok\u0101rt no austrumiem vai zieme\u013caustrumiem. Kurzemes piekrast\u0113 v\u0113ja stiprums var\u0113tu palielin\u0101ties l\u012bdz m\u0113renam. Anticiklona ietekme noz\u012bm\u0113 paaugstin\u0101tu atmosf\u0113ras spiedienu, kas raksturo sausu un skaidru laiku, \u012bpa\u0161i ziemas m\u0113ne\u0161os.<\/p>\n<p>Pla\u0161\u0101ka konteksta anal\u012bze<\/p>\n<p>\u0160obr\u012bd Latvij\u0101 ir nov\u0113rojams viens no stipr\u0101kajiem saliem p\u0113d\u0113jo gadu laik\u0101. \u0160\u012b tendence s\u0101k\u0101s jau janv\u0101ra beig\u0101s un tiek prognoz\u0113ts, ka t\u0101 turpin\u0101sies ar\u012b febru\u0101ra pirmaj\u0101 pus\u0113. Zieme\u013ceirop\u0101 pastiprin\u0101s anticiklon\u0101l\u0101 darb\u012bba, kas virza aukstas gaisa masas no Arktikas uz Baltijas re\u0123ionu. \u0160\u012b aukstuma perioda laik\u0101 ir sagaid\u0101ms ar\u012b R\u012bgas l\u012b\u010da aizsal\u0161anas pastiprin\u0101\u0161an\u0101s, k\u0101 ar\u012b ledus veido\u0161an\u0101s atkl\u0101taj\u0101 j\u016br\u0101 pie Kurzemes krastiem.<\/p>\n<p>R\u012bga un tuv\u0101k\u0101 apk\u0101rtne<\/p>\n<p>Galvaspils\u0113t\u0101 R\u012bg\u0101 sestdien gaid\u0101ms saulains laiks bez nokri\u0161\u0146iem. Dienas vid\u016b temperat\u016bra sasniegs ap -11 gr\u0101diem p\u0113c Celsija, savuk\u0101rt nakt\u012b atdzis\u012bs l\u012bdz -19 gr\u0101diem, piepils\u0113t\u0101 iesp\u0113jama temperat\u016bra l\u012bdz pat -24 gr\u0101diem. V\u0113j\u0161 p\u016bt\u012bs l\u0113ni no austrumiem.<\/p>\n","protected":false},"excerpt":{"rendered":"Skaidrs un sauss laiks p\u0101rsvar\u0101 Sestdien Latvij\u0101 laika apst\u0101k\u013cus liel\u0101 m\u0113r\u0101 noteiks anticiklons, kas nodro\u0161in\u0101s saulainu un sausu&hellip;\n","protected":false},"author":2,"featured_media":120637,"comment_status":"","ping_status":"","sticky":false,"template":"","format":"standard","meta":{"footnotes":""},"categories":[5],"tags":[23,27512,20696,28,29,32,33,22,152,30,31,35,39,38,36,37,34,40,20,26,27,9263,24,25,21],"class_list":{"0":"post-120636","1":"post","2":"type-post","3":"status-publish","4":"format-standard","5":"has-post-thumbnail","7":"category-aktualitates","8":"tag-aktualitates","9":"tag-anticiklons","10":"tag-aukstums","11":"tag-breaking-news","12":"tag-breakingnews","13":"tag-featured-news","14":"tag-featurednews","15":"tag-headlines","16":"tag-laika-prognoze","17":"tag-latest-news","18":"tag-latestnews","19":"tag-latvia","20":"tag-latvian","21":"tag-latviesu","22":"tag-latviesu-valoda","23":"tag-latviesuvaloda","24":"tag-latvija","25":"tag-lv","26":"tag-news","27":"tag-popularakas-zinas","28":"tag-popularakaszinas","29":"tag-sestdiena","30":"tag-top-stories","31":"tag-topstories","32":"tag-zinas"},"share_on_mastodon":{"url":"https:\/\/pubeurope.com\/@lv\/116003643241609699","error":""},"_links":{"self":[{"href":"https:\/\/www.europesays.com\/lv\/wp-json\/wp\/v2\/posts\/120636","targetHints":{"allow":["GET"]}}],"collection":[{"href":"https:\/\/www.europesays.com\/lv\/wp-json\/wp\/v2\/posts"}],"about":[{"href":"https:\/\/www.europesays.com\/lv\/wp-json\/wp\/v2\/types\/post"}],"author":[{"embeddable":true,"href":"https:\/\/www.europesays.com\/lv\/wp-json\/wp\/v2\/users\/2"}],"replies":[{"embeddable":true,"href":"https:\/\/www.europesays.com\/lv\/wp-json\/wp\/v2\/comments?post=120636"}],"version-history":[{"count":0,"href":"https:\/\/www.europesays.com\/lv\/wp-json\/wp\/v2\/posts\/120636\/revisions"}],"wp:featuredmedia":[{"embeddable":true,"href":"https:\/\/www.europesays.com\/lv\/wp-json\/wp\/v2\/media\/120637"}],"wp:attachment":[{"href":"https:\/\/www.europesays.com\/lv\/wp-json\/wp\/v2\/media?parent=120636"}],"wp:term":[{"taxonomy":"category","embeddable":true,"href":"https:\/\/www.europesays.com\/lv\/wp-json\/wp\/v2\/categories?post=120636"},{"taxonomy":"post_tag","embeddable":true,"href":"https:\/\/www.europesays.com\/lv\/wp-json\/wp\/v2\/tags?post=120636"}],"curies":[{"name":"wp","href":"https:\/\/api.w.org\/{rel}","templated":true}]}}