{"id":12064,"date":"2025-10-04T07:58:07","date_gmt":"2025-10-04T07:58:07","guid":{"rendered":"https:\/\/www.europesays.com\/lv\/12064\/"},"modified":"2025-10-04T07:58:07","modified_gmt":"2025-10-04T07:58:07","slug":"astronout-izdevis-jaunu-singlu-garlaicigi-nav-pirms-gaidamas-akustiskas-koncerttures-muc-lente-lv-2","status":"publish","type":"post","link":"https:\/\/www.europesays.com\/lv\/12064\/","title":{"rendered":"Astro&#8217;n&#8217;out izdevis jaunu singlu &#8220;Garlaic\u012bgi nav!&#8221; pirms gaid\u0101m\u0101s akustisk\u0101s koncertt\u016bres &#8220;M\u016bc&#8221;\u00a0\u2014\u00a0Lente.lv"},"content":{"rendered":"<p>Jaunais singls un videoklips no Astro&#8217;n&#8217;out: &#8220;Garlaic\u012bgi nav!&#8221; pirms gaid\u0101m\u0101s koncertt\u016bres<\/p>\n<p>Grupa &#8220;Astro&#8217;n&#8217;out&#8221; ir sar\u016bp\u0113jusi pat\u012bkamu p\u0101rsteigumu saviem faniem, izlai\u017eot jaunu singlu un tam pievienoto videoklipu ar nosaukumu &#8220;Garlaic\u012bgi nav!&#8221;. \u0160is emocion\u0101lais jaunums tiek publiskots vien divas ned\u0113\u013cas pirms grupas pl\u0101not\u0101s akustisk\u0101s koncertt\u016bres &#8220;M\u016bc&#8221; s\u0101kuma, radot aizraujo\u0161u priek\u0161v\u0113stnesi gaid\u0101majiem notikumiem. Dziesmas videoklips piepild\u012bts ar gai\u0161u un optimistisku noska\u0146u, simboliz\u0113jot to pozit\u012bvo ener\u0123iju, ko &#8220;Astro&#8217;n&#8217;out&#8221; v\u0113las d\u0101v\u0101t saviem klaus\u012bt\u0101jiem gan \u0161aj\u0101 jaunaj\u0101 ska\u0146darb\u0101, gan ar\u012b dz\u012bvajos koncertos. T\u0101 ir k\u0101 maza, sirsn\u012bga atg\u0101din\u0101jums, ka patiesa mierin\u0101juma saj\u016btu varam g\u016bt, satiekoties ar tuvajiem cilv\u0113kiem.<\/p>\n<p>M\u016bzika k\u0101 mierin\u0101jums p\u0101rs\u0101tin\u0101taj\u0101 pasaul\u0113<\/p>\n<p>Singls &#8220;Garlaic\u012bgi nav!&#8221; tapis sadarb\u012bb\u0101 ar talant\u012bgo producentu Andi Ansonu. Tas skan k\u0101 iedvesmojo\u0161s mierin\u0101jums m\u016bsdienu straujaj\u0101 laikmet\u0101, kad bie\u017ei vien j\u016btamies spiesti nep\u0101rtraukti rea\u0123\u0113t uz apk\u0101rt\u0113j\u0101s pasaules notikumiem un piedz\u012bvot da\u017e\u0101das emocijas. Grupas soliste M\u0101ra Upmane-Hol\u0161teine skaidro, ka fr\u0101ze &#8220;Garlaic\u012bgi nav!&#8221; bie\u017ei izmantota ikdien\u0101, kad izaicin\u0101jumi savairojas, ta\u010du vienm\u0113r tiek nov\u0113rt\u0113ts tas, kas dots. Video re\u017eisors J\u0101nis V\u012btols atkl\u0101j, ka klip\u0101 att\u0113lotas divas pretrun\u012bgas dabas: viena simboliz\u0113 pasaules haosu, bet otra \u2013 cer\u012bbas staru, kas liecina, ka viss galu gal\u0101 sak\u0101rtosies.<\/p>\n<p>Gaid\u0101m\u0101 akustisk\u0101 koncertt\u016bre \u201cM\u016bc\u201d<\/p>\n<p>\u0160is jaunais singls sniedz ieskatu gaid\u0101m\u0101s akustisk\u0101s koncertt\u016bres &#8220;M\u016bc&#8221; atmosf\u0113r\u0101. Grupa &#8220;Astro&#8217;n&#8217;out&#8221; dodas uz se\u0161\u0101m Latvijas pils\u0113t\u0101m, lai pied\u0101v\u0101tu int\u012bmu un personisku pieredzi, kas velt\u012bta sarun\u0101m un jauniem skan\u0113jumiem jau paz\u012bstam\u0101m dziesm\u0101m. Pretstat\u0101 pag\u0101ju\u0161\u0101 gada v\u0113rien\u012bgajam koncertam &#8220;Ar\u0113n\u0101 R\u012bga&#8221;, \u0161\u012b t\u016bre akcent\u0113s klus\u0101ku un personisk\u0101ku satik\u0161anos ar publiku. Koncertos izmantotas pieklusin\u0101tas gaismas, lakoniskas dekor\u0101cijas, un galvenais akcents likts uz tie\u0161u mijiedarb\u012bbu ar skat\u012bt\u0101jiem. Programmu veidos gan grupas jaun\u0101kie darbi, gan ar\u012b iem\u012b\u013cotas dziesmas akustisk\u0101s versij\u0101s, pie\u0161\u0137irot t\u0101m svaigu, at\u0161\u0137ir\u012bgu skan\u0113jumu.<\/p>\n<p>Ilgtsp\u0113ja un rado\u0161\u0101 mekl\u0113\u0161ana<\/p>\n<p>Videoklipa centr\u0101lais mot\u012bvs \u2013 c\u0113lo\u0146u un seku mijiedarb\u012bba jeb tauri\u0146a efekts \u2013 br\u012bni\u0161\u0137\u012bgi atspogu\u013co ar\u012b grupas ilgtsp\u0113j\u012bg\u0101s t\u016bres eksperimenta ideju. M\u0101ra Upmane-Hol\u0161teine uzsver, ka grupa mekl\u0113 veidus, k\u0101 organiz\u0113t p\u0113c iesp\u0113jas dabai saudz\u012bg\u0101ku t\u016bri, neapdraudot m\u0101ksliniecisk\u0101s ieceres. \u0160is ilgtsp\u0113j\u012bbas elements ir da\u013ca no iniciat\u012bvas &#8220;ReGen paaudze&#8221;, ko &#8220;Astro&#8217;n&#8217;out&#8221; rad\u012bju\u0161i sadarb\u012bb\u0101 ar uz\u0146\u0113mumiem &#8220;ZAAO&#8221; un &#8220;AJ Power Recycling&#8221;. Grupa uzsver, ka atrodas jaun\u0101 rado\u0161aj\u0101 viln\u012b, mekl\u0113jot gan kolekt\u012bva, gan katra individu\u0101lo jauno &#8220;es&#8221;. Vi\u0146u sp\u0113ja rad\u012bt gan int\u012bmas dziesmas, gan ener\u0123iskus koncertus padara &#8220;Astro&#8217;n&#8217;out&#8221; par vienu no piepras\u012bt\u0101kajiem Latvijas m\u016bzikas kolekt\u012bviem.<\/p>\n<p>Koncertt\u016bres \u201cM\u016bc\u201d grafiks<\/p>\n<p>Akustisk\u0101s koncertt\u016bres \u201cM\u016bc\u201d pirmais koncerts notiks 17. oktobr\u012b Valmieras Kult\u016bras centr\u0101. Turpin\u0101jum\u0101 grupa uzst\u0101sies Liep\u0101j\u0101 (2. novembr\u012b), Jelgav\u0101 (10. novembr\u012b), Kuld\u012bg\u0101 (14. novembr\u012b), R\u0113zekn\u0113 (29. novembr\u012b) un nosl\u0113gsies ar diviem koncertiem R\u012bg\u0101, kinote\u0101tr\u012b \u201cSplendid Palace\u201d (5. un 6. decembr\u012b). Bi\u013cetes uz koncertiem ir pieejamas &#8220;Bi\u013ce\u0161u servisa&#8221; tirdzniec\u012bbas viet\u0101s.<\/p>\n","protected":false},"excerpt":{"rendered":"Jaunais singls un videoklips no Astro&#8217;n&#8217;out: &#8220;Garlaic\u012bgi nav!&#8221; pirms gaid\u0101m\u0101s koncertt\u016bres Grupa &#8220;Astro&#8217;n&#8217;out&#8221; ir sar\u016bp\u0113jusi pat\u012bkamu p\u0101rsteigumu saviem&hellip;\n","protected":false},"author":2,"featured_media":12065,"comment_status":"","ping_status":"","sticky":false,"template":"","format":"standard","meta":{"footnotes":""},"categories":[19],"tags":[4151,89,90,35,39,38,36,37,34,40],"class_list":{"0":"post-12064","1":"post","2":"type-post","3":"status-publish","4":"format-standard","5":"has-post-thumbnail","7":"category-izklaide","8":"tag-astro","9":"tag-entertainment","10":"tag-izklaide","11":"tag-latvia","12":"tag-latvian","13":"tag-latviesu","14":"tag-latviesu-valoda","15":"tag-latviesuvaloda","16":"tag-latvija","17":"tag-lv"},"share_on_mastodon":{"url":"","error":""},"_links":{"self":[{"href":"https:\/\/www.europesays.com\/lv\/wp-json\/wp\/v2\/posts\/12064","targetHints":{"allow":["GET"]}}],"collection":[{"href":"https:\/\/www.europesays.com\/lv\/wp-json\/wp\/v2\/posts"}],"about":[{"href":"https:\/\/www.europesays.com\/lv\/wp-json\/wp\/v2\/types\/post"}],"author":[{"embeddable":true,"href":"https:\/\/www.europesays.com\/lv\/wp-json\/wp\/v2\/users\/2"}],"replies":[{"embeddable":true,"href":"https:\/\/www.europesays.com\/lv\/wp-json\/wp\/v2\/comments?post=12064"}],"version-history":[{"count":0,"href":"https:\/\/www.europesays.com\/lv\/wp-json\/wp\/v2\/posts\/12064\/revisions"}],"wp:featuredmedia":[{"embeddable":true,"href":"https:\/\/www.europesays.com\/lv\/wp-json\/wp\/v2\/media\/12065"}],"wp:attachment":[{"href":"https:\/\/www.europesays.com\/lv\/wp-json\/wp\/v2\/media?parent=12064"}],"wp:term":[{"taxonomy":"category","embeddable":true,"href":"https:\/\/www.europesays.com\/lv\/wp-json\/wp\/v2\/categories?post=12064"},{"taxonomy":"post_tag","embeddable":true,"href":"https:\/\/www.europesays.com\/lv\/wp-json\/wp\/v2\/tags?post=12064"}],"curies":[{"name":"wp","href":"https:\/\/api.w.org\/{rel}","templated":true}]}}