{"id":12067,"date":"2025-10-04T08:05:07","date_gmt":"2025-10-04T08:05:07","guid":{"rendered":"https:\/\/www.europesays.com\/lv\/12067\/"},"modified":"2025-10-04T08:05:07","modified_gmt":"2025-10-04T08:05:07","slug":"balcers-izcelas-ar-hat-trick-nl-spele","status":"publish","type":"post","link":"https:\/\/www.europesays.com\/lv\/12067\/","title":{"rendered":"Balcers izce\u013cas ar &#8220;hat-trick&#8221; NL sp\u0113l\u0113"},"content":{"rendered":"<p>&#8220;Lions&#8221; m\u0101j\u0101s ar 7:3 (2:2, 2:0, 3:1) p\u0101rsp\u0113ja &#8220;Bern&#8221; hokejistus.<\/p>\n<p>\u010cetras sekundes pirms pirm\u0101 perioda beig\u0101m Balcers no v\u0101rtu priek\u0161as pan\u0101ca 2:2. Latvietis guva ar\u012b m\u0101jinieku n\u0101kamos v\u0101rtus, otr\u0101s tre\u0161da\u013cas piektaj\u0101 min\u016bt\u0113 p\u0113c Denisa Malgina piesp\u0113les non\u0101kot vienam pret v\u0101rtsargu un raidot ripu t\u012bkl\u0101. T\u0101pat Balcers guva ar\u012b sp\u0113les p\u0113d\u0113jos v\u0101rtus 58. min\u016bt\u0113, kad ar metienu tuk\u0161os v\u0101rtos pan\u0101ca galarezult\u0101tu.<\/p>\n<p>\u0160aj\u0101 sp\u0113l\u0113 Balcers uz ledus bija 18 min\u016btes un se\u0161as sekundes, tr\u012bsreiz meta pa v\u0101rtiem, blo\u0137\u0113ja vienu metienu un iekr\u0101ja pozit\u012bvu lietder\u012bbas koeficientu +2.<\/p>\n<p>Latvijas uzbruc\u0113js \u0161osezon guvis asto\u0146us v\u0101rtus, kas ir lab\u0101kais r\u0101d\u012bt\u0101js l\u012bg\u0101, un atdevis divas rezultat\u012bvas piesp\u0113les.<\/p>\n<p>Cit\u0101 ma\u010d\u0101 v\u0101rtsargs <a href=\"https:\/\/sports.tvnet.lv\/term\/557154\/ivars-punnenovs\" class=\"topicLink\" target=\"_blank\" rel=\"nofollow noopener\">Ivars Punnenovs<\/a> atvair\u012bja 26 no 28 metieniem, kam\u0113r Rapersvilas-Jonas &#8220;Lakers&#8221; viesos ar 3:2 (2:1, 1:1, 0:0) uzveica &#8220;Fribourg-Gotteron&#8221;. V\u0113l Oskars Lapinskis un Langnavas &#8220;Tigers&#8221; m\u0101j\u0101s ar 1:0 (1:0, 0:0, 0:0) p\u0101rsp\u0113ja &#8220;Ajoie&#8221; ar Em\u012blu Veckakti\u0146u sast\u0101v\u0101, kam\u0113r Denisa Smirnova p\u0101rst\u0101v\u0113t\u0101 &#8220;Kloten&#8221; sav\u0101 laukum\u0101 ar 2:1 (0:1, 1:0, 1:0) bija p\u0101r\u0101ka p\u0101r &#8220;Biel-Bienne&#8221;.<\/p>\n<p>No latvie\u0161u p\u0101rst\u0101v\u0113taj\u0101m komand\u0101m visaugst\u0101k tabul\u0101 ir tre\u0161\u0101s poz\u012bcijas \u012bpa\u0161niece &#8220;Lakers&#8221;.<\/p>\n<p>Pag\u0101ju\u0161aj\u0101 sezon\u0101 par NL \u010dempioni k\u013cuva R\u016bdolfa Balcera p\u0101rst\u0101v\u0113t\u0101 C\u012brihes &#8220;Lions&#8221; vien\u012bba, kas fin\u0101ls\u0113rij\u0101 ar 4-1 p\u0101rsp\u0113ja &#8220;Lausanne&#8221; komandu.<\/p>\n","protected":false},"excerpt":{"rendered":"&#8220;Lions&#8221; m\u0101j\u0101s ar 7:3 (2:2, 2:0, 3:1) p\u0101rsp\u0113ja &#8220;Bern&#8221; hokejistus. \u010cetras sekundes pirms pirm\u0101 perioda beig\u0101m Balcers no&hellip;\n","protected":false},"author":2,"featured_media":12068,"comment_status":"","ping_status":"","sticky":false,"template":"","format":"standard","meta":{"footnotes":""},"categories":[17],"tags":[4355,35,39,38,36,37,34,40,2717,67],"class_list":{"0":"post-12067","1":"post","2":"type-post","3":"status-publish","4":"format-standard","5":"has-post-thumbnail","7":"category-sports","8":"tag-ivars-punnenovs","9":"tag-latvia","10":"tag-latvian","11":"tag-latviesu","12":"tag-latviesu-valoda","13":"tag-latviesuvaloda","14":"tag-latvija","15":"tag-lv","16":"tag-rudolfs-balcers","17":"tag-sports"},"share_on_mastodon":{"url":"","error":""},"_links":{"self":[{"href":"https:\/\/www.europesays.com\/lv\/wp-json\/wp\/v2\/posts\/12067","targetHints":{"allow":["GET"]}}],"collection":[{"href":"https:\/\/www.europesays.com\/lv\/wp-json\/wp\/v2\/posts"}],"about":[{"href":"https:\/\/www.europesays.com\/lv\/wp-json\/wp\/v2\/types\/post"}],"author":[{"embeddable":true,"href":"https:\/\/www.europesays.com\/lv\/wp-json\/wp\/v2\/users\/2"}],"replies":[{"embeddable":true,"href":"https:\/\/www.europesays.com\/lv\/wp-json\/wp\/v2\/comments?post=12067"}],"version-history":[{"count":0,"href":"https:\/\/www.europesays.com\/lv\/wp-json\/wp\/v2\/posts\/12067\/revisions"}],"wp:featuredmedia":[{"embeddable":true,"href":"https:\/\/www.europesays.com\/lv\/wp-json\/wp\/v2\/media\/12068"}],"wp:attachment":[{"href":"https:\/\/www.europesays.com\/lv\/wp-json\/wp\/v2\/media?parent=12067"}],"wp:term":[{"taxonomy":"category","embeddable":true,"href":"https:\/\/www.europesays.com\/lv\/wp-json\/wp\/v2\/categories?post=12067"},{"taxonomy":"post_tag","embeddable":true,"href":"https:\/\/www.europesays.com\/lv\/wp-json\/wp\/v2\/tags?post=12067"}],"curies":[{"name":"wp","href":"https:\/\/api.w.org\/{rel}","templated":true}]}}