{"id":120673,"date":"2026-02-03T03:40:09","date_gmt":"2026-02-03T03:40:09","guid":{"rendered":"https:\/\/www.europesays.com\/lv\/120673\/"},"modified":"2026-02-03T03:40:09","modified_gmt":"2026-02-03T03:40:09","slug":"krievijas-uzbrukumi-ukrainas-energoinfrastrukturai-tuvojas-genocidam-lente-lv","status":"publish","type":"post","link":"https:\/\/www.europesays.com\/lv\/120673\/","title":{"rendered":"Krievijas uzbrukumi Ukrainas energoinfrastrukt\u016brai tuvojas genoc\u012bdam\u00a0\u2014\u00a0Lente.lv"},"content":{"rendered":"<p>Latvijas prezidents Edgars Rink\u0113vi\u010ds v\u0113rt\u0113 Krievijas darb\u012bbas Ukrain\u0101<\/p>\n<p>Latvijas prezidents Edgars Rink\u0113vi\u010ds pirmdien, 2. febru\u0101r\u012b, intervij\u0101 Latvijas Telev\u012bzijas raid\u012bjum\u0101 &#8220;R\u012bta panor\u0101ma&#8221; pauda, ka Krievijas pa\u0161reiz\u0113jie uzbrukumi Ukrainas civilajai energoinfrastrukt\u016brai &#8220;faktiski tuvojas genoc\u012bdam&#8221;. Prezidents uzsv\u0113ra, ka \u0161\u0101das darb\u012bbas ir v\u0113rstas pret civiliedz\u012bvot\u0101jiem un rada milz\u012bgas sekas ikdienas dz\u012bv\u0113.<\/p>\n<p>Krievijas uzbrukumu m\u0113r\u0137is un sekas<\/p>\n<p>Eksperti un Ukrainas amatpersonas nor\u0101da, ka Krievijas triecieni pret ener\u0123\u0113tikas objektiem ir v\u0113rsti galvenok\u0101rt pret civilo infrastrukt\u016bru, nevis milit\u0101ro r\u016bpniec\u012bbas kompleksu. Milit\u0101rais eksperts Oleksandrs Kova\u013cenko skaidro, ka Krievijas propaganda apgalvo, ka uzbrukumi v\u0113rsti uz milit\u0101ro r\u016bpniec\u012bbu, ta\u010du paties\u012bb\u0101 tie ir m\u0113\u0123in\u0101jumi teroriz\u0113t civiliedz\u012bvot\u0101jus, t\u0101d\u0113j\u0101di veicot ukrai\u0146u n\u0101cijas genoc\u012bdu. \u0160\u0101di uzbrukumi rad\u012bju\u0161i iev\u0113rojamu jaudas defic\u012btu Ukrainas energosist\u0113m\u0101, kas prognoz\u0113ts l\u012bdz pat 8,5 GW. Kop\u0161 2025. gada septembra energoinfrastrukt\u016bra Ukrain\u0101 tikusi uzbrukta vismaz 31 reizi. T\u0101 rezult\u0101t\u0101 elektr\u012bbas un siltuma tr\u016bkums rada iev\u0113rojamus izaicin\u0101jumus ikdien\u0101 miljoniem ukrai\u0146u, liekot tiem piel\u0101goties jauniem dz\u012bves apst\u0101k\u013ciem.<\/p>\n<p>Latvijas nost\u0101ja un atbalsts Ukrainai<\/p>\n<p>Latvijas nost\u0101ja Krievijas agresijas jaut\u0101jum\u0101 ir nemain\u012bga. Latvijas prezidents Edgars Rink\u0113vi\u010ds viz\u012bt\u0113 Ukrain\u0101 2025. gada 24. febru\u0101r\u012b apliecin\u0101ja Latvijas nelok\u0101mo atbalstu Ukrainai t\u0101s c\u012b\u0146\u0101 pret Krievijas agresiju. Vi\u0146\u0161 uzsv\u0113ra, ka Ukraina ir peln\u012bjusi taisn\u012bgu un ilgsto\u0161u mieru. Latvijas atbalsts Ukrainai, tostarp milit\u0101raj\u0101 jom\u0101, ir b\u016btisks. Tiek pl\u0101nots jaunu milit\u0101r\u0101s pal\u012bdz\u012bbas pakotni, kas ietver haubices, mun\u012bciju, prettanku un pretgaisa aizsardz\u012bbas iero\u010dus, k\u0101 ar\u012b dronus. Latvija ar\u012b vad\u012bs &#8220;dronu koal\u012bciju&#8221; Ram\u0161teinas form\u0101t\u0101, lai stiprin\u0101tu Ukrainas dronu sp\u0113jas. Valsts un sabiedr\u012bbas kop\u0113jais atbalsts Ukrainai p\u0101rsniedz 600 miljonus eiro, kas ir teju 1% no iek\u0161zemes kopprodukta. Latvija ir ap\u0146\u0113musies atv\u0113l\u0113t 15 miljonus eiro Ukrainas atjauno\u0161anai, turpinot \u010cernihivas pils\u0113tas un apgabala rekonstrukciju.<\/p>\n<p>Latvijas \u0101rpolitikas priorit\u0101tes 2026. gad\u0101<\/p>\n<p>Latvijas \u0101rpolitikas priorit\u0101tes 2026. gad\u0101 turpina ietvert stingru atbalstu Ukrainai un valsts dro\u0161\u012bbas stiprin\u0101\u0161anu. \u0100rlietu ministrijas zi\u0146ojum\u0101 par 2025. gada darbu un 2026. gada pl\u0101niem tika uzsv\u0113rts, ka Krievija joproj\u0101m ir ilgtermi\u0146a drauds eiroatlantiskajai dro\u0161\u012bbai. Latvija pl\u0101no turpin\u0101t politiku, lai pan\u0101ktu &#8220;miera sp\u0113ka ce\u013c\u0101&#8221;, galvenok\u0101rt izmantojot sankcijas, un veicin\u0101t Krievijas un Baltkrievijas izol\u0113\u0161anu starptautiskaj\u0101s organiz\u0101cij\u0101s. Latvijas gadsk\u0101rt\u0113j\u0101s \u0101rpolitikas debates Saeim\u0101, kas notika 2026. gada 29. janv\u0101r\u012b, iez\u012bm\u0113ja Latvijas gatav\u012bbu akt\u012bvi piedal\u012bties ANO Dro\u0161\u012bbas padom\u0113 2026.-2027. gad\u0101, uzskatot to par b\u016btisku ieguld\u012bjumu valsts dro\u0161\u012bb\u0101 un suverenit\u0101t\u0113.<\/p>\n","protected":false},"excerpt":{"rendered":"Latvijas prezidents Edgars Rink\u0113vi\u010ds v\u0113rt\u0113 Krievijas darb\u012bbas Ukrain\u0101 Latvijas prezidents Edgars Rink\u0113vi\u010ds pirmdien, 2. febru\u0101r\u012b, intervij\u0101 Latvijas Telev\u012bzijas&hellip;\n","protected":false},"author":2,"featured_media":120674,"comment_status":"","ping_status":"","sticky":false,"template":"","format":"standard","meta":{"footnotes":"","_share_on_mastodon":"0"},"categories":[5],"tags":[23,28,29,816,32,33,27488,22,4384,30,31,35,39,38,36,37,34,23126,40,20,26,27,24,25,27492,21],"class_list":["post-120673","post","type-post","status-publish","format-standard","has-post-thumbnail","category-aktualitates","tag-aktualitates","tag-breaking-news","tag-breakingnews","tag-edgars-rinkevics","tag-featured-news","tag-featurednews","tag-genocids","tag-headlines","tag-krievijas-uzbrukumi","tag-latest-news","tag-latestnews","tag-latvia","tag-latvian","tag-latviesu","tag-latviesu-valoda","tag-latviesuvaloda","tag-latvija","tag-latvijas-arpolitika","tag-lv","tag-news","tag-popularakas-zinas","tag-popularakaszinas","tag-top-stories","tag-topstories","tag-ukrainas-energoinfrastruktura","tag-zinas"],"share_on_mastodon":{"url":"https:\/\/pubeurope.com\/@lv\/116004626279089625","error":""},"_links":{"self":[{"href":"https:\/\/www.europesays.com\/lv\/wp-json\/wp\/v2\/posts\/120673","targetHints":{"allow":["GET"]}}],"collection":[{"href":"https:\/\/www.europesays.com\/lv\/wp-json\/wp\/v2\/posts"}],"about":[{"href":"https:\/\/www.europesays.com\/lv\/wp-json\/wp\/v2\/types\/post"}],"author":[{"embeddable":true,"href":"https:\/\/www.europesays.com\/lv\/wp-json\/wp\/v2\/users\/2"}],"replies":[{"embeddable":true,"href":"https:\/\/www.europesays.com\/lv\/wp-json\/wp\/v2\/comments?post=120673"}],"version-history":[{"count":0,"href":"https:\/\/www.europesays.com\/lv\/wp-json\/wp\/v2\/posts\/120673\/revisions"}],"wp:featuredmedia":[{"embeddable":true,"href":"https:\/\/www.europesays.com\/lv\/wp-json\/wp\/v2\/media\/120674"}],"wp:attachment":[{"href":"https:\/\/www.europesays.com\/lv\/wp-json\/wp\/v2\/media?parent=120673"}],"wp:term":[{"taxonomy":"category","embeddable":true,"href":"https:\/\/www.europesays.com\/lv\/wp-json\/wp\/v2\/categories?post=120673"},{"taxonomy":"post_tag","embeddable":true,"href":"https:\/\/www.europesays.com\/lv\/wp-json\/wp\/v2\/tags?post=120673"}],"curies":[{"name":"wp","href":"https:\/\/api.w.org\/{rel}","templated":true}]}}