{"id":120694,"date":"2026-02-03T04:15:07","date_gmt":"2026-02-03T04:15:07","guid":{"rendered":"https:\/\/www.europesays.com\/lv\/120694\/"},"modified":"2026-02-03T04:15:07","modified_gmt":"2026-02-03T04:15:07","slug":"neviena-meitene-nav-ne-sutita-ne-aizbraukusi","status":"publish","type":"post","link":"https:\/\/www.europesays.com\/lv\/120694\/","title":{"rendered":"Neviena meitene nav ne s\u016bt\u012bta, ne aizbraukusi"},"content":{"rendered":"<p>&#8220;Neviens jau nepiesak\u0101s &#8220;es mekl\u0113ju meitenes, lai s\u016bt\u012btu uz Epst\u012bna salu&#8221;. No visa t\u0101 tikai divos gad\u012bjumos izr\u0101d\u012bj\u0101s, ka tie cilv\u0113ki paz\u012bst Epst\u012bnu. No tiem simtiem, ar ko es satikos. (..) Neviena meitene nav ne s\u016bt\u012bta, ne aizbraukusi. Tas ir svar\u012bgi,&#8221; nor\u0101da Meis\u0101ns.<\/p>\n<p>Vi\u0146\u0161 ar\u012b pau\u017e, ka tolaik pa\u0161\u0101 nozar\u0113 neesot par \u0161\u0101d\u0101m aizdom\u0101m run\u0101ts, un Meis\u0101ns neticot, ka tie\u0161\u0101m k\u0101da a\u0123ent\u016bra b\u016btu bijusi gatava tik \u013coti risk\u0113t ar savu reput\u0101ciju.<\/p>\n<p>Vair\u0101k par latvie\u0161u mode\u013cu a\u0123ent\u016bru saist\u012bbu ar Epst\u012bna failiem lasi TVNET+.<\/p>\n<p>Latvija dokumentos da\u017e\u0101d\u0101 kontekst\u0101 min\u0113ta vair\u0101k nek\u0101 500 rei\u017eu, R\u012bga &#8211; vair\u0101k nek\u0101 800. Publiskotajos failos min\u0113ti vair\u0101ku latvie\u0161u mode\u013cu v\u0101rdi un mode\u013cu a\u0123ent\u016bru nosaukumi, k\u0101 ar\u012b atkl\u0101jas Epst\u012bna personisk\u0101s sarakstes ar latvie\u0161u meiten\u0113m. Latvietes, iesp\u0113jams, biju\u0161as ar\u012b vi\u0146a asistentes.<\/p>\n<p>T\u0101pat zi\u0146ots, ka Valsts policija (VP) s\u0101kusi p\u0101rbaudi par Epst\u012bna lietas jaun\u0101kajiem materi\u0101liem.<\/p>\n<p>L\u012bdz \u0161im ASV ties\u012bbaizsardz\u012bbas iest\u0101des nav v\u0113rsu\u0161\u0101s Latvijas VP saist\u012bb\u0101 ar \u0161iem failiem un tajos pausto inform\u0101ciju. Vienlaikus VP ir inform\u0113ta par publiskoto inform\u0101ciju, un \u0161obr\u012bd notiek inform\u0101cijas p\u0101rbaude, \u0161\u012bs zi\u0146as tiek apkopotas, a\u0123ent\u016bra LETA noskaidroja VP.<\/p>\n<p>T\u0101pat jau notiek sadarb\u012bba gan ar cit\u0101m Latvijas iest\u0101d\u0113m, gan ar\u012b tiks piepras\u012btas zi\u0146as atbilsto\u0161i starptautiskajai sadarb\u012bbai, bet pla\u0161\u0101k policija patlaban koment\u0101rus nesniegs, nor\u0101d\u012bja policij\u0101.<\/p>\n<p>Latvijas prokurat\u016bra dele\u0123\u0113s prokuroru, kur\u0161 l\u012bdzdarbosies VP veiktaj\u0101 p\u0101rbaud\u0113.<\/p>\n","protected":false},"excerpt":{"rendered":"&#8220;Neviens jau nepiesak\u0101s &#8220;es mekl\u0113ju meitenes, lai s\u016bt\u012btu uz Epst\u012bna salu&#8221;. No visa t\u0101 tikai divos gad\u012bjumos izr\u0101d\u012bj\u0101s,&hellip;\n","protected":false},"author":2,"featured_media":120695,"comment_status":"","ping_status":"","sticky":false,"template":"","format":"standard","meta":{"footnotes":"","_share_on_mastodon":"0"},"categories":[12],"tags":[23,28,29,7438,32,33,22,30,31,35,39,38,36,37,34,40,3068,20,26,27,24,25,21],"class_list":["post-120694","post","type-post","status-publish","format-standard","has-post-thumbnail","category-latvija","tag-aktualitates","tag-breaking-news","tag-breakingnews","tag-dzefrijs-epstins","tag-featured-news","tag-featurednews","tag-headlines","tag-latest-news","tag-latestnews","tag-latvia","tag-latvian","tag-latviesu","tag-latviesu-valoda","tag-latviesuvaloda","tag-latvija","tag-lv","tag-modeles","tag-news","tag-popularakas-zinas","tag-popularakaszinas","tag-top-stories","tag-topstories","tag-zinas"],"share_on_mastodon":{"url":"https:\/\/pubeurope.com\/@lv\/116004763925354144","error":""},"_links":{"self":[{"href":"https:\/\/www.europesays.com\/lv\/wp-json\/wp\/v2\/posts\/120694","targetHints":{"allow":["GET"]}}],"collection":[{"href":"https:\/\/www.europesays.com\/lv\/wp-json\/wp\/v2\/posts"}],"about":[{"href":"https:\/\/www.europesays.com\/lv\/wp-json\/wp\/v2\/types\/post"}],"author":[{"embeddable":true,"href":"https:\/\/www.europesays.com\/lv\/wp-json\/wp\/v2\/users\/2"}],"replies":[{"embeddable":true,"href":"https:\/\/www.europesays.com\/lv\/wp-json\/wp\/v2\/comments?post=120694"}],"version-history":[{"count":0,"href":"https:\/\/www.europesays.com\/lv\/wp-json\/wp\/v2\/posts\/120694\/revisions"}],"wp:featuredmedia":[{"embeddable":true,"href":"https:\/\/www.europesays.com\/lv\/wp-json\/wp\/v2\/media\/120695"}],"wp:attachment":[{"href":"https:\/\/www.europesays.com\/lv\/wp-json\/wp\/v2\/media?parent=120694"}],"wp:term":[{"taxonomy":"category","embeddable":true,"href":"https:\/\/www.europesays.com\/lv\/wp-json\/wp\/v2\/categories?post=120694"},{"taxonomy":"post_tag","embeddable":true,"href":"https:\/\/www.europesays.com\/lv\/wp-json\/wp\/v2\/tags?post=120694"}],"curies":[{"name":"wp","href":"https:\/\/api.w.org\/{rel}","templated":true}]}}