{"id":12071,"date":"2025-10-04T08:11:08","date_gmt":"2025-10-04T08:11:08","guid":{"rendered":"https:\/\/www.europesays.com\/lv\/12071\/"},"modified":"2025-10-04T08:11:08","modified_gmt":"2025-10-04T08:11:08","slug":"bedzeki-pec-slikta-starta-atgustas-un-pedeja-apli-nodrosina-uzvaru-motogp-sprinta-motoru-sports-sportacentrs-com","status":"publish","type":"post","link":"https:\/\/www.europesays.com\/lv\/12071\/","title":{"rendered":"Bedzeki p\u0113c slikta starta atg\u016bstas un p\u0113d\u0113j\u0101 apl\u012b nodro\u0161ina uzvaru &#8220;MotoGP&#8221; sprint\u0101 \u2013 Motoru sports \u2013 Sportacentrs.com"},"content":{"rendered":"<p>Pirms tam notiku\u0161aj\u0101 kvalifik\u0101cij\u0101 Bedzeki uzvar\u0113ja ar Mandalikas trases rekordu un gandr\u012bz par 0.4 sekund\u0113m p\u0101rsp\u0113ja &#8220;Gresini Ducati&#8221; p\u0101rst\u0101vi Aldegueru. Tre\u0161aj\u0101 viet\u0101 kvalifik\u0101cij\u0101 sekoja Rauls Fernandess, bet otro starta rindu nodro\u0161in\u0101ja Alekss Rinss, Pedro Akosta un Luka Mar\u012bni.<\/p>\n<p>Bedzeki sprinta starts padev\u0101s l\u0113ns, vi\u0146\u0161 \u0101tri atkrita zem\u0101k, bet c\u012b\u0146a par pirmaj\u0101m poz\u012bcij\u0101m izv\u0113rs\u0101s \u0101rk\u0101rt\u012bgi spraiga. Pirmaj\u0101 l\u012bkum\u0101 vad\u012bb\u0101 bija izr\u0101vies Mar\u012bni, bet, sakrustojot trajektoriju, non\u0101ca zaud\u0113t\u0101jos. Vad\u012bb\u0101 nok\u013cuva Aldeguers, kuram sekoja Akosta un Fernandess.<\/p>\n<blockquote class=\"twitter-tweet\">\n<p lang=\"en\" dir=\"ltr\">LIGHTS OUT IN THE <a href=\"https:\/\/twitter.com\/hashtag\/TissotSprint?src=hash&amp;ref_src=twsrc%5Etfw\" rel=\"nofollow noopener\" target=\"_blank\">#TissotSprint<\/a> \ud83d\udea5 <\/p>\n<p>A BRILLIANT start by Marini but <a href=\"https:\/\/twitter.com\/Aldeguer54?ref_src=twsrc%5Etfw\" rel=\"nofollow noopener\" target=\"_blank\">@aldeguer54<\/a> leads \u2694\ufe0f<a href=\"https:\/\/twitter.com\/hashtag\/IndonesianGP?src=hash&amp;ref_src=twsrc%5Etfw\" rel=\"nofollow noopener\" target=\"_blank\">#IndonesianGP<\/a> \ud83c\uddee\ud83c\udde9 <a href=\"https:\/\/t.co\/Ylgzb2WrOC\" rel=\"nofollow\">pic.twitter.com\/Ylgzb2WrOC<\/a><\/p>\n<p>\u2014 MotoGP\u2122\ud83c\udfc1 (@MotoGP) <a href=\"https:\/\/twitter.com\/MotoGP\/status\/1974370065043558776?ref_src=twsrc%5Etfw\" rel=\"nofollow noopener\" target=\"_blank\">October 4, 2025<\/a><\/p><\/blockquote>\n<p>Pag\u0101ju\u0161aj\u0101 posm\u0101 par 2025. gada &#8220;MotoGP&#8221; \u010dempionu kron\u0113tais Marks Markess c\u012b\u0146u uzs\u0101ka vien dev\u012btais, tad bija non\u0101cis sept\u012btaj\u0101 viet\u0101. Tom\u0113r sp\u0101nis sa\u0146\u0113ma &#8220;gar\u0101 ap\u013ca&#8221; sodu par sadursmes izrais\u012b\u0161anu ar Rinsu, kuram izboj\u0101ja cer\u012bbas uz labu rezult\u0101tu.<\/p>\n<p>Sekojis cie\u0161i aiz l\u012bdera, piekt\u0101 ap\u013ca pirmaj\u0101 l\u012bkum\u0101 no trases izsl\u012bd\u0113ja pirms tam otraj\u0101 viet\u0101 brauco\u0161ais Akosta. Tagad l\u012bderis var\u0113ja mazliet uzelpot, tikm\u0113r Bedzeki no sest\u0101s poz\u012bcijas tobr\u012bd bija non\u0101cis jau tre\u0161aj\u0101 viet\u0101.<\/p>\n<p>K\u0101du laiku r\u016bpn\u012bcas sportists Bedzeki brauca tuvu aiz &#8220;Aprilia&#8221; satel\u012btvien\u012bbas &#8220;Trackhouse&#8221; sportista Fernandesa, l\u012bdz astotaj\u0101 apl\u012b vi\u0146u apdzina. L\u012bderis tobr\u012bd bija vair\u0101k nek\u0101 divas sekundes priek\u0161\u0101, bet l\u012bdz fini\u0161am &#8211; vair\u0101k nek\u0101 pieci ap\u013ci.<\/p>\n<p>Tr\u012bs ap\u013cus pirms beig\u0101m atstatums jau bija maz\u0101k par sekundi. P\u0113d\u0113j\u0101 apl\u012b Bedzeki met\u0101s drosm\u012bg\u0101 uzbrukum\u0101, to \u012bstenojot. Aldeguers atbild\u0113ja ar spraigu pretuzbrukumu, tom\u0113r palika otrais. Fernandess fini\u0161\u0113ja tre\u0161ais, aiz vi\u0146a &#8211; Alekss Markess, \u017doans Mirs, Mar\u012bni un M.Markess sept\u012btaj\u0101 viet\u0101.<\/p>\n<blockquote class=\"twitter-tweet\">\n<p lang=\"en\" dir=\"ltr\">THE BATTLE IS ON \u2694\ufe0f<a href=\"https:\/\/twitter.com\/hashtag\/IndonesianGP?src=hash&amp;ref_src=twsrc%5Etfw\" rel=\"nofollow noopener\" target=\"_blank\">#IndonesianGP<\/a> \ud83c\uddee\ud83c\udde9 <a href=\"https:\/\/t.co\/73yM4WiS35\" rel=\"nofollow\">pic.twitter.com\/73yM4WiS35<\/a><\/p>\n<p>\u2014 MotoGP\u2122\ud83c\udfc1 (@MotoGP) <a href=\"https:\/\/twitter.com\/MotoGP\/status\/1974374756376772886?ref_src=twsrc%5Etfw\" rel=\"nofollow noopener\" target=\"_blank\">October 4, 2025<\/a><\/p><\/blockquote>\n<p>Pirms tam uzvar\u0113jis Jap\u0101nas posm\u0101, \u0161o ned\u0113\u013cas nogali ar b\u0113d\u012bgiem rezult\u0101tiem aizvada Fran\u010dekso Bagnaija. Kvalifik\u0101cij\u0101 vi\u0146\u0161 izkrita jau pirmaj\u0101 k\u0101rt\u0101, kur ie\u0146\u0113ma 16. poz\u012bciju, bet sprint\u0101 palika p\u0113d\u0113jais no fini\u0161\u0113ju\u0161ajiem, 14. viet\u0101. Vair\u0101ki sportisti piedz\u012bvoja kritienus, ar\u012b biju\u0161ais \u010dempions Fabio Kvartararo.<\/p>\n<p>&#8220;Grand Prix&#8221; sacens\u012bbu s\u0101kums gaid\u0101ms sv\u0113tdien plkst. 10:00 no r\u012bta p\u0113c Latvijas laika.<\/p>\n<p>Indon\u0113zijas GP sprints:<img decoding=\"async\" src=\"https:\/\/www.europesays.com\/lv\/wp-content\/uploads\/2025\/10\/motogp-3.jpg\" class=\"img-fluid\"\/>Kopv\u0113rt\u0113jums p\u0113c sprinta:<img decoding=\"async\" src=\"https:\/\/www.europesays.com\/lv\/wp-content\/uploads\/2025\/10\/G2ZoLVWXQAAxEuF.jpeg\" class=\"img-fluid\"\/><br \/>\n                <script async src=\"https:\/\/platform.twitter.com\/widgets.js\" charset=\"utf-8\"><\/script><\/p>\n","protected":false},"excerpt":{"rendered":"Pirms tam notiku\u0161aj\u0101 kvalifik\u0101cij\u0101 Bedzeki uzvar\u0113ja ar Mandalikas trases rekordu un gandr\u012bz par 0.4 sekund\u0113m p\u0101rsp\u0113ja &#8220;Gresini Ducati&#8221;&hellip;\n","protected":false},"author":2,"featured_media":12072,"comment_status":"","ping_status":"","sticky":false,"template":"","format":"standard","meta":{"footnotes":""},"categories":[17],"tags":[35,39,38,36,37,34,40,165,67],"class_list":{"0":"post-12071","1":"post","2":"type-post","3":"status-publish","4":"format-standard","5":"has-post-thumbnail","7":"category-sports","8":"tag-latvia","9":"tag-latvian","10":"tag-latviesu","11":"tag-latviesu-valoda","12":"tag-latviesuvaloda","13":"tag-latvija","14":"tag-lv","15":"tag-motoru-sports","16":"tag-sports"},"share_on_mastodon":{"url":"","error":""},"_links":{"self":[{"href":"https:\/\/www.europesays.com\/lv\/wp-json\/wp\/v2\/posts\/12071","targetHints":{"allow":["GET"]}}],"collection":[{"href":"https:\/\/www.europesays.com\/lv\/wp-json\/wp\/v2\/posts"}],"about":[{"href":"https:\/\/www.europesays.com\/lv\/wp-json\/wp\/v2\/types\/post"}],"author":[{"embeddable":true,"href":"https:\/\/www.europesays.com\/lv\/wp-json\/wp\/v2\/users\/2"}],"replies":[{"embeddable":true,"href":"https:\/\/www.europesays.com\/lv\/wp-json\/wp\/v2\/comments?post=12071"}],"version-history":[{"count":0,"href":"https:\/\/www.europesays.com\/lv\/wp-json\/wp\/v2\/posts\/12071\/revisions"}],"wp:featuredmedia":[{"embeddable":true,"href":"https:\/\/www.europesays.com\/lv\/wp-json\/wp\/v2\/media\/12072"}],"wp:attachment":[{"href":"https:\/\/www.europesays.com\/lv\/wp-json\/wp\/v2\/media?parent=12071"}],"wp:term":[{"taxonomy":"category","embeddable":true,"href":"https:\/\/www.europesays.com\/lv\/wp-json\/wp\/v2\/categories?post=12071"},{"taxonomy":"post_tag","embeddable":true,"href":"https:\/\/www.europesays.com\/lv\/wp-json\/wp\/v2\/tags?post=12071"}],"curies":[{"name":"wp","href":"https:\/\/api.w.org\/{rel}","templated":true}]}}