{"id":12073,"date":"2025-10-04T08:16:12","date_gmt":"2025-10-04T08:16:12","guid":{"rendered":"https:\/\/www.europesays.com\/lv\/12073\/"},"modified":"2025-10-04T08:16:12","modified_gmt":"2025-10-04T08:16:12","slug":"leonardo-di-kaprio-atgriesanas-uz-liela-ekrana-specigs-pieteikums-uz-oskaru","status":"publish","type":"post","link":"https:\/\/www.europesays.com\/lv\/12073\/","title":{"rendered":"Leonardo di Kaprio atgrie\u0161an\u0101s uz liel\u0101 ekr\u0101na: sp\u0113c\u012bgs pieteikums uz &#8220;Oskaru&#8221;"},"content":{"rendered":"<p>Tr\u012bs stundu garas filmas kinote\u0101tr\u012b mani vienm\u0113r ir bied\u0113ju\u0161as. Jo&#8230; ja nu neb\u016bs laba? Tie\u0161i ar \u0161\u0101d\u0101m ba\u017e\u0101m es g\u0101ju uz &#8220;Apollo Kino R\u012bga Plaza&#8221; pirmizr\u0101di filmai \u201cC\u012b\u0146a p\u0113c c\u012b\u0146as\u201d ar Leonardo di Kaprio galvenaj\u0101 lom\u0101. Ko lai saka \u2013 tas, ko redz\u0113ju uz liel\u0101 ekr\u0101na, iespaidoja mani tikpat, cik liel\u0101ko da\u013cu \u0161\u012bs filmas skat\u012bt\u0101ju vis\u0101 pasaul\u0113.<\/p>\n<p>Viena no <a href=\"https:\/\/sejas.tvnet.lv\/term\/570324\/filmas\" class=\"topicLink\" target=\"_blank\" rel=\"nofollow noopener\">filmas<\/a> visapspriest\u0101kaj\u0101m epizod\u0113m piln\u012bgi noteikti ir br\u012bdis, kad<\/p>\n","protected":false},"excerpt":{"rendered":"Tr\u012bs stundu garas filmas kinote\u0101tr\u012b mani vienm\u0113r ir bied\u0113ju\u0161as. Jo&#8230; ja nu neb\u016bs laba? Tie\u0161i ar \u0161\u0101d\u0101m ba\u017e\u0101m&hellip;\n","protected":false},"author":2,"featured_media":11827,"comment_status":"","ping_status":"","sticky":false,"template":"","format":"standard","meta":{"footnotes":""},"categories":[19],"tags":[89,2934,2356,4304,1105,90,1226,35,39,38,36,37,34,1385,40,758],"class_list":{"0":"post-12073","1":"post","2":"type-post","3":"status-publish","4":"format-standard","5":"has-post-thumbnail","7":"category-izklaide","8":"tag-entertainment","9":"tag-filma","10":"tag-filmas","11":"tag-filmas-recenzija","12":"tag-holivuda","13":"tag-izklaide","14":"tag-kino","15":"tag-latvia","16":"tag-latvian","17":"tag-latviesu","18":"tag-latviesu-valoda","19":"tag-latviesuvaloda","20":"tag-latvija","21":"tag-leonardo-di-kaprio","22":"tag-lv","23":"tag-tvnet-sejas"},"share_on_mastodon":{"url":"","error":""},"_links":{"self":[{"href":"https:\/\/www.europesays.com\/lv\/wp-json\/wp\/v2\/posts\/12073","targetHints":{"allow":["GET"]}}],"collection":[{"href":"https:\/\/www.europesays.com\/lv\/wp-json\/wp\/v2\/posts"}],"about":[{"href":"https:\/\/www.europesays.com\/lv\/wp-json\/wp\/v2\/types\/post"}],"author":[{"embeddable":true,"href":"https:\/\/www.europesays.com\/lv\/wp-json\/wp\/v2\/users\/2"}],"replies":[{"embeddable":true,"href":"https:\/\/www.europesays.com\/lv\/wp-json\/wp\/v2\/comments?post=12073"}],"version-history":[{"count":0,"href":"https:\/\/www.europesays.com\/lv\/wp-json\/wp\/v2\/posts\/12073\/revisions"}],"wp:featuredmedia":[{"embeddable":true,"href":"https:\/\/www.europesays.com\/lv\/wp-json\/wp\/v2\/media\/11827"}],"wp:attachment":[{"href":"https:\/\/www.europesays.com\/lv\/wp-json\/wp\/v2\/media?parent=12073"}],"wp:term":[{"taxonomy":"category","embeddable":true,"href":"https:\/\/www.europesays.com\/lv\/wp-json\/wp\/v2\/categories?post=12073"},{"taxonomy":"post_tag","embeddable":true,"href":"https:\/\/www.europesays.com\/lv\/wp-json\/wp\/v2\/tags?post=12073"}],"curies":[{"name":"wp","href":"https:\/\/api.w.org\/{rel}","templated":true}]}}