{"id":12077,"date":"2025-10-04T08:22:13","date_gmt":"2025-10-04T08:22:13","guid":{"rendered":"https:\/\/www.europesays.com\/lv\/12077\/"},"modified":"2025-10-04T08:22:13","modified_gmt":"2025-10-04T08:22:13","slug":"princis-viljams-sniedz-retu-komentaru-par-keitas-veselibu-un-saviem-pardzivojumiem","status":"publish","type":"post","link":"https:\/\/www.europesays.com\/lv\/12077\/","title":{"rendered":"Princis Viljams sniedz retu koment\u0101ru par Keitas vesel\u012bbu un saviem p\u0101rdz\u012bvojumiem"},"content":{"rendered":"<p>Vien\u0101 no sav\u0101m p\u0113d\u0113j\u0101 laik\u0101 atkl\u0101t\u0101kaj\u0101m intervij\u0101m <a rel=\"noopener nofollow\" target=\"_blank\" href=\"https:\/\/www.delfi.lv\/temas\/40412877\/princis-viljams\" tag-id=\"40412877\">princis Viljams<\/a> sniedza retu koment\u0101ru ar\u012b par to, k\u0101 \u0161obr\u012bd j\u016btas <a rel=\"noopener nofollow\" target=\"_blank\" href=\"https:\/\/www.delfi.lv\/temas\/40412895\/keita-midltone\" tag-id=\"40412895\">Keita Midltone<\/a> un ko \u0123imenei n\u0101cies p\u0101rdz\u012bvot br\u012bd\u012b, kad vi\u0146u dz\u012bv\u0113 ien\u0101ca <a rel=\"noopener nofollow\" target=\"_blank\" href=\"https:\/\/www.delfi.lv\/temas\/43202896\/vezis\" tag-id=\"43202896\">v\u0113zis<\/a>.<\/p>\n<p>Princis Viljams seri\u0101la &#8220;The Reluctant Traveler&#8221; film\u0113\u0161anas laik\u0101 <a rel=\"noopener follow nofollow\" target=\"_blank\" href=\"https:\/\/www.delfi.lv\/life\/56010800\/notikumi\/120089651\/princis-viljams-klust-emocionals-runajot-par-savu-vecmammu\" data-rel-date-range=\"[]\">atkl\u0101ti past\u0101st\u012bja<\/a> ne tikai to, ka ilgojas p\u0113c savas vecm\u0101mi\u0146as, karalienes Elizabetes II, bet ar\u012b to, k\u0101 \u0161obr\u012bd j\u016btas Keita Midltone, kura tikai nesen uzvar\u0113ja c\u012b\u0146\u0101 ar v\u0113zi, v\u0113sta tablo\u012bds &#8220;People&#8221;.<\/p>\n<p>Sarun\u0101 ar J\u016bd\u017einu Leviju 43 gadus vecais Viljams apstiprin\u0101ja, ka Keita \u0161obr\u012bd ir br\u012bva no v\u0113\u017ea. Princis ar\u012b past\u0101st\u012bja, k\u0101 Keitas diagnoze ietekm\u0113jusi \u0123imeni. &#8220;J\u016bs varb\u016bt dom\u0101jat: &#8220;Tas ar mums nenotiks, mums viss b\u016bs labi,&#8221;&#8221; vi\u0146\u0161 st\u0101st\u012bja raid\u012bjuma vad\u012bt\u0101jam. &#8220;Es dom\u0101ju, ka ikvienam ir pozit\u012bvs skat\u012bjums uz dz\u012bvi, jums j\u0101b\u016bt pozit\u012bviem. Bet, kad tas notiek ar jums, j\u016bs non\u0101kat diezgan nepat\u012bkam\u0101 situ\u0101cij\u0101,&#8221; uzsv\u0113ra Viljams. <\/p>\n<p>Savuk\u0101rt, atbildot uz jaut\u0101jumu, k\u0101 j\u016btas karalis \u010c\u0101rlzs III, kuram ar\u012b p\u0113rn tika diagnostic\u0113ts v\u0113zis, Viljams lakoniski atbild\u0113ja, ka viss esot labi un viss virz\u0101s pareiz\u0101 virzien\u0101. <\/p>\n<p>Vienlaikus britu monarhijas mantinieks atzina, ka p\u0113rnais gads vi\u0146am bijis \u012bpa\u0161i sare\u017e\u0123\u012bts. &#8220;Es teiktu, ka 2024. gads bija vissmag\u0101kais gads, k\u0101ds man jebkad bijis.&#8221; Princis paskaidroja, ka visu laiku n\u0101cies mekl\u0113t iesp\u0113jas, k\u0101 pasarg\u0101t b\u0113rnus, Keitu un ar\u012b t\u0113vu. &#8220;Bet ir svar\u012bgi, lai mana \u0123imene justos dro\u0161i un tai b\u016btu iesp\u0113ja tikt gal\u0101 ar p\u0101rdz\u012bvojumiem, kas notika pag\u0101ju\u0161\u0101 gad\u0101, bija \u013coti sare\u017e\u0123\u012bti to nodro\u0161in\u0101t un vienlaikus pild\u012bt savus pien\u0101kumus,&#8221; atkl\u0101ja Viljams. Intervijas laik\u0101 vi\u0146\u0161 ar\u012b uzsv\u0113ra, ka vi\u0146am dz\u012bv\u0113 pats svar\u012bg\u0101kais esot \u0123imene, kurai p\u0113rnais gads izv\u0113rties p\u0101rdz\u012bvojumiem pilns. <\/p>\n<p>BBC v\u0113sta, ka 2024. gada septembr\u012b Midltone pabeidza \u0137\u012bmijterapijas kursu, un jau 2025. gada janv\u0101r\u012b vi\u0146a n\u0101ca klaj\u0101 ar publisku pazi\u0146ojumu, ka atrodas remisij\u0101. <\/p>\n<p>Sav\u0101 &#8220;Instagram&#8221; ierakst\u0101 vi\u0146a pateic\u0101s &#8220;Karaliskajai Marsdena&#8221; slimn\u012bcai par to, ka vi\u0146u tik labi apr\u016bp\u0113ju\u0161i. Vi\u0146a k\u0101 \u0161\u012bs slimn\u012bcas patronese cer, ka kop\u0101 var\u0113s izgl\u0101bt daudz vair\u0101k dz\u012bv\u012bbu un main\u012bt visu to cilv\u0113ku pieredzi, kurus sk\u0101ris<a rel=\"noopener nofollow\" target=\"_blank\" href=\"https:\/\/www.delfi.lv\/temas\/43202896\/vezis\" data-rel-date-range=\"[]\"> v\u0113zis<\/a>.<\/p>\n<p>&#8220;Tas ir atvieglojums, ka tagad esmu remisij\u0101, un es joproj\u0101m koncentr\u0113jos uz atvese\u013co\u0161anos. Ikviens, kur\u0161 ir sask\u0101ries ar v\u0113\u017ea diagnozi, zina, ka ir nepiecie\u0161ams laiks, lai piel\u0101gotos jaunai normai. Tom\u0113r es ceru uz pilnv\u0113rt\u012bgu turpm\u0101ko gadu,&#8221; Keita rakst\u012bja. <\/p>\n<p class=\"m-0\">Seko &#8220;Delfi&#8221; ar\u012b  <a target=\"_blank\" href=\"https:\/\/www.instagram.com\/delfi.lv\/\" rel=\"nofollow noopener\">Instagram<\/a>  un <a target=\"_blank\" href=\"https:\/\/www.youtube.com\/channel\/UCw5foWtcJvAbUm64rv7jwUQ\" rel=\"nofollow noopener\">YouTube<\/a>  profil\u0101 \u2013 pievienojies, lai uzzin\u0101tu svar\u012bg\u0101ko un interesant\u0101ko pirmais!<\/p>\n<p>Publik\u0101cijas saturs vai t\u0101s jebk\u0101da apjoma da\u013ca ir aizsarg\u0101ts autorties\u012bbu objekts Autorties\u012bbu likuma izpratn\u0113, un t\u0101 izmanto\u0161ana bez izdev\u0113ja at\u013caujas ir aizliegta. Vair\u0101k lasi  <a target=\"_blank\" href=\"https:\/\/www.delfi.lv\/noteikumi#autortiesibas\" rel=\"nofollow noopener\">\u0161eit<\/a><script async src=\"\/\/www.instagram.com\/embed.js\"><\/script><\/p>\n","protected":false},"excerpt":{"rendered":"Vien\u0101 no sav\u0101m p\u0113d\u0113j\u0101 laik\u0101 atkl\u0101t\u0101kaj\u0101m intervij\u0101m princis Viljams sniedza retu koment\u0101ru ar\u012b par to, k\u0101 \u0161obr\u012bd j\u016btas&hellip;\n","protected":false},"author":2,"featured_media":12078,"comment_status":"","ping_status":"","sticky":false,"template":"","format":"standard","meta":{"footnotes":""},"categories":[19],"tags":[4359,89,90,4358,35,39,38,36,37,34,40,4357,976],"class_list":{"0":"post-12077","1":"post","2":"type-post","3":"status-publish","4":"format-standard","5":"has-post-thumbnail","7":"category-izklaide","8":"tag-britu-karaliska-gimene","9":"tag-entertainment","10":"tag-izklaide","11":"tag-keita-midltone","12":"tag-latvia","13":"tag-latvian","14":"tag-latviesu","15":"tag-latviesu-valoda","16":"tag-latviesuvaloda","17":"tag-latvija","18":"tag-lv","19":"tag-princis-viljams","20":"tag-vezis"},"share_on_mastodon":{"url":"","error":""},"_links":{"self":[{"href":"https:\/\/www.europesays.com\/lv\/wp-json\/wp\/v2\/posts\/12077","targetHints":{"allow":["GET"]}}],"collection":[{"href":"https:\/\/www.europesays.com\/lv\/wp-json\/wp\/v2\/posts"}],"about":[{"href":"https:\/\/www.europesays.com\/lv\/wp-json\/wp\/v2\/types\/post"}],"author":[{"embeddable":true,"href":"https:\/\/www.europesays.com\/lv\/wp-json\/wp\/v2\/users\/2"}],"replies":[{"embeddable":true,"href":"https:\/\/www.europesays.com\/lv\/wp-json\/wp\/v2\/comments?post=12077"}],"version-history":[{"count":0,"href":"https:\/\/www.europesays.com\/lv\/wp-json\/wp\/v2\/posts\/12077\/revisions"}],"wp:featuredmedia":[{"embeddable":true,"href":"https:\/\/www.europesays.com\/lv\/wp-json\/wp\/v2\/media\/12078"}],"wp:attachment":[{"href":"https:\/\/www.europesays.com\/lv\/wp-json\/wp\/v2\/media?parent=12077"}],"wp:term":[{"taxonomy":"category","embeddable":true,"href":"https:\/\/www.europesays.com\/lv\/wp-json\/wp\/v2\/categories?post=12077"},{"taxonomy":"post_tag","embeddable":true,"href":"https:\/\/www.europesays.com\/lv\/wp-json\/wp\/v2\/tags?post=12077"}],"curies":[{"name":"wp","href":"https:\/\/api.w.org\/{rel}","templated":true}]}}