{"id":1211,"date":"2025-09-22T02:29:08","date_gmt":"2025-09-22T02:29:08","guid":{"rendered":"https:\/\/www.europesays.com\/lv\/1211\/"},"modified":"2025-09-22T02:29:08","modified_gmt":"2025-09-22T02:29:08","slug":"dzastins-baldoni-noligst-sona-didija-kombsa-advokatu-tiesu-prava-pret-bleiku-laivliju-lente-lv","status":"publish","type":"post","link":"https:\/\/www.europesays.com\/lv\/1211\/","title":{"rendered":"D\u017eastins Baldoni nol\u012bgst \u0160ona &#8220;Didija&#8221; Kombsa advok\u0101tu tiesu pr\u0101v\u0101 pret Bleiku Laivliju\u00a0\u2014\u00a0Lente.lv"},"content":{"rendered":"<p>Baldoni nol\u012bgst \u0160ona &#8220;Didija&#8221; Kombsa advok\u0101tu, turpinot tiesu darbus pret Bleiku Laivliju<\/p>\n<p>Aktieris un re\u017eisors D\u017eastins Baldoni, turpinot savu ieilgu\u0161o juridisko c\u012b\u0146u pret aktrisi Bleiku Laivliju, ir piesaist\u012bjis iev\u0113rojamu juridisko pal\u012bdz\u012bbu. K\u0101 zi\u0146o izdevums PEOPLE, Baldoni ir nol\u012bdzis Aleksandru \u0160apiro, advok\u0101tu, kur\u0161 publiski paz\u012bstams ar savu darbu, p\u0101rst\u0101vot noties\u0101to reperi \u0160onu &#8220;Didiju&#8221; Kombsu.<\/p>\n<p>Juridisko Strat\u0113\u0123iju Pastiprin\u0101\u0161ana<\/p>\n<p>\u0160\u0101ds Baldoni solis liecina par vi\u0146a ap\u0146\u0113m\u012bbu un gatav\u012bbu ieguld\u012bt iev\u0113rojamus resursus \u0161aj\u0101 sare\u017e\u0123\u012btaj\u0101 tiesas proces\u0101. Aleksandrs \u0160apiro advok\u0101tu birojs ir ieguvis pla\u0161u atpaz\u012bstam\u012bbu, str\u0101d\u0101jot ar augsta profila klientiem, tostarp nesenajos notikumos saist\u012bb\u0101 ar reperi \u0160onu &#8220;Didiju&#8221; Kombsu. Vi\u0146a pieredze un strat\u0113\u0123isk\u0101 dom\u0101\u0161ana var\u0113tu sniegt Baldoni nepiecie\u0161amo priek\u0161roc\u012bbu tiesas z\u0101l\u0113.<\/p>\n<p>C\u0113lo\u0146i un Sekas Tiesas Pr\u0101v\u0101<\/p>\n<p>Lai gan s\u0101kotn\u0113j\u0101 inform\u0101cija nenor\u0101da uz prec\u012bziem str\u012bda iemesliem starp Baldoni un Laivliju, \u0161\u0101da augsta l\u012bme\u0146a advok\u0101ta piesaiste bie\u017ei vien liecina par procesa nopietn\u012bbu un potenci\u0101laj\u0101m sek\u0101m. T\u0101das advok\u0101tu firmas, kas specializ\u0113jas sare\u017e\u0123\u012btos un pla\u0161i mediju uzman\u012bbas lok\u0101 non\u0101ku\u0161os gad\u012bjumos, parasti tiek izv\u0113l\u0113tas, kad likmes ir augstas un ir nepiecie\u0161ama dzi\u013ca juridisk\u0101 anal\u012bze un argument\u0101cija. \u0160is gad\u012bjums var\u0113tu kalpot par m\u0101c\u012bbu citiem slaven\u012bbu str\u012bdu risin\u0101\u0161anas gad\u012bjumiem, par\u0101dot, k\u0101 juridisk\u0101s taktikas un pieredz\u0113ju\u0161u juristu komandas var ietekm\u0113t tiesas izn\u0101kumu.<\/p>\n<p>Sabiedr\u012bbas Interese un Mediju Seko\u0161ana<\/p>\n<p>Tiesas pr\u0101vas ar iesaist\u012bt\u0101m slaven\u012bb\u0101m vienm\u0113r piesaista iev\u0113rojamu sabiedr\u012bbas un mediju interesi. D\u017eastina Baldoni un Bleikas Laivlijas gad\u012bjums nav iz\u0146\u0113mums. Sabiedr\u012bba bie\u017ei vien ir ieinteres\u0113ta uzzin\u0101t par str\u012bdu deta\u013c\u0101m, to c\u0113lo\u0146iem un izn\u0101kumu. L\u0113mums piesaist\u012bt advok\u0101tu, kas p\u0101rst\u0101v\u0113jis tikpat pla\u0161i apspriestu personu k\u0101 \u0160ons &#8220;Didis&#8221; Kombs, neap\u0161aub\u0101mi pastiprin\u0101s mediju uzman\u012bbu un spekul\u0101cijas par lietas gaitu. Turpm\u0101kie notikumi \u0161aj\u0101 pr\u0101v\u0101 tiks r\u016bp\u012bgi sekoti l\u012bdzi.<\/p>\n<p>Juridisk\u0101s C\u012b\u0146as Perspekt\u012bva<\/p>\n<p>Baldoni un Laivlijas tiesas pr\u0101va, kur\u0101 iesaist\u012bts \u0160ona &#8220;Didija&#8221; Kombsa advok\u0101ts, var\u0113tu b\u016bt sign\u0101ls par jaunu \u0161\u012bs juridisk\u0101s dr\u0101mas noda\u013cu. Aleksandrs \u0160apiro pieredze sare\u017e\u0123\u012btu un sabiedr\u012bb\u0101 pla\u0161i rezon\u0113jo\u0161u lietu risin\u0101\u0161an\u0101 var\u0113tu noz\u012bm\u0113t, ka Baldoni ir gatavs agres\u012bv\u0101kai un strat\u0113\u0123isk\u0101kai aizsardz\u012bbai vai uzbrukumam. \u0160is solis var\u0113tu main\u012bt tiesas pr\u0101vas dinamiku un rad\u012bt spiedienu pret\u0113jai pusei, mudinot mekl\u0113t kompromisu vai ar\u012b pastiprin\u0101t savu juridisko strat\u0113\u0123iju. Tikai laiks r\u0101d\u012bs, k\u0101da b\u016bs \u0161\u012b juridisk\u0101s sp\u0113ka demonstr\u0113juma gal\u012bg\u0101 ietekme uz lietas izn\u0101kumu.<\/p>\n","protected":false},"excerpt":{"rendered":"Baldoni nol\u012bgst \u0160ona &#8220;Didija&#8221; Kombsa advok\u0101tu, turpinot tiesu darbus pret Bleiku Laivliju Aktieris un re\u017eisors D\u017eastins Baldoni, turpinot&hellip;\n","protected":false},"author":2,"featured_media":1212,"comment_status":"","ping_status":"","sticky":false,"template":"","format":"standard","meta":{"footnotes":""},"categories":[19],"tags":[812,811,89,90,35,39,38,36,37,34,40,813],"class_list":{"0":"post-1211","1":"post","2":"type-post","3":"status-publish","4":"format-standard","5":"has-post-thumbnail","7":"category-izklaide","8":"tag-bleika-laivlija","9":"tag-dzastins-baldoni","10":"tag-entertainment","11":"tag-izklaide","12":"tag-latvia","13":"tag-latvian","14":"tag-latviesu","15":"tag-latviesu-valoda","16":"tag-latviesuvaloda","17":"tag-latvija","18":"tag-lv","19":"tag-sons"},"share_on_mastodon":{"url":"","error":""},"_links":{"self":[{"href":"https:\/\/www.europesays.com\/lv\/wp-json\/wp\/v2\/posts\/1211","targetHints":{"allow":["GET"]}}],"collection":[{"href":"https:\/\/www.europesays.com\/lv\/wp-json\/wp\/v2\/posts"}],"about":[{"href":"https:\/\/www.europesays.com\/lv\/wp-json\/wp\/v2\/types\/post"}],"author":[{"embeddable":true,"href":"https:\/\/www.europesays.com\/lv\/wp-json\/wp\/v2\/users\/2"}],"replies":[{"embeddable":true,"href":"https:\/\/www.europesays.com\/lv\/wp-json\/wp\/v2\/comments?post=1211"}],"version-history":[{"count":0,"href":"https:\/\/www.europesays.com\/lv\/wp-json\/wp\/v2\/posts\/1211\/revisions"}],"wp:featuredmedia":[{"embeddable":true,"href":"https:\/\/www.europesays.com\/lv\/wp-json\/wp\/v2\/media\/1212"}],"wp:attachment":[{"href":"https:\/\/www.europesays.com\/lv\/wp-json\/wp\/v2\/media?parent=1211"}],"wp:term":[{"taxonomy":"category","embeddable":true,"href":"https:\/\/www.europesays.com\/lv\/wp-json\/wp\/v2\/categories?post=1211"},{"taxonomy":"post_tag","embeddable":true,"href":"https:\/\/www.europesays.com\/lv\/wp-json\/wp\/v2\/tags?post=1211"}],"curies":[{"name":"wp","href":"https:\/\/api.w.org\/{rel}","templated":true}]}}