{"id":12113,"date":"2025-10-04T09:45:09","date_gmt":"2025-10-04T09:45:09","guid":{"rendered":"https:\/\/www.europesays.com\/lv\/12113\/"},"modified":"2025-10-04T09:45:09","modified_gmt":"2025-10-04T09:45:09","slug":"sestdiena-bus-saulaina-tacu-pievakare-latviju-sasniegs-lietus-makoni-tvnet-laika-zinas","status":"publish","type":"post","link":"https:\/\/www.europesays.com\/lv\/12113\/","title":{"rendered":"Sestdiena b\u016bs saulaina, ta\u010du pievakar\u0113 Latviju sasniegs lietus m\u0101ko\u0146i &#8211; TVNET &#8211; Laika zi\u0146as"},"content":{"rendered":"<ol>\n<li><a href=\"https:\/\/news.google.com\/rss\/articles\/CBMiowFBVV95cUxNdWRUVzhMMWRPVmlGaWo4YmlwcW1zUlBCZUVIS19uWlpIMHFLSDUtM05zTURaaDlRLUp2NVNWMXF5b0FMbjhyWFVpR3liVDJFd0dadUFsNGFOV2FUOGJhV0x5VzFCRHVJa1VZLUxwLVBoTDRFaHZVX0JJVkowY3A4b3lUTjVySzlKODR1Z1ltOVYxQU50ZVBFZXZCNUplTk10Zm9J?oc=5\" target=\"_blank\" rel=\"nofollow noopener\">Sestdiena b\u016bs saulaina, ta\u010du pievakar\u0113 Latviju sasniegs lietus m\u0101ko\u0146i<\/a>&nbsp;&nbsp;TVNET &#8211; Laika zi\u0146as<\/li>\n<li><a href=\"https:\/\/news.google.com\/rss\/articles\/CBMi4AFBVV95cUxQRTJlVFl6Z3VBNndZSEhQbFpZczV0MU93VThsbWlXZU1BSVNVc25QdVJVdFY0bzZLcXdBRWNESXBXQ1RPMzM0SXJ1ZkE3ZHhIY1lSWHFKekxDcVg1OWpXWlQ2bE9oWng0ckYwTkUxZzI1VlE3MlNMLUVnQllJUVhMWVNSb20xc2JzWFRzSUVMTnlTQ1VubDhpWnVxTmNVZ0lHZ1dOa1NnZ1hMWEdiM2FTZGlLOEgtUUJ3S3MzVnRZY01UZzB1RzB5ajhqanNZRHlFaTFEUlhNdUU3SXNMTTBKUw?oc=5\" target=\"_blank\" rel=\"nofollow noopener\">Sestdiena liel\u0101koties b\u016bs sausa, bet v\u0113l\u0101 vakar\u0101 valsti sasniegs nokri\u0161\u0146u zona \/ Raksts<\/a>&nbsp;&nbsp;LSM<\/li>\n<li><a href=\"https:\/\/news.google.com\/rss\/articles\/CBMipAFBVV95cUxQWGQ5cjlENEY0eFRuZF9qWDJUTThtc1ByR3BUOTZySGppNG5qWnpZRnFad3pZX2NKdmhxTThURVg3eWFrLVJBdFAxQmE5S2tmbWs0c09jUjZVaWVlS1BsZlBhTTViMGdjZmNVQ1RlVVc4NmJGb2pvOVA0WHpKTWRwdkVRUGZPN09DbFBJNXkyMWZXN09keHotajFZNzlucVF4clFXNg?oc=5\" target=\"_blank\" rel=\"nofollow noopener\">K\u0101ds b\u016bs laiks br\u012bvdien\u0101s? Sv\u0113tdien sola pat p\u0113rkona negaisu<\/a>&nbsp;&nbsp;Santa.lv<\/li>\n<li><a href=\"https:\/\/news.google.com\/rss\/articles\/CBMiqgFBVV95cUxQOF9yb0RoSm5mZ0NQVUxYVnk5RDJiRHNXNUpqQW92T1JWM3lCSlA2ZGZyUFlobU8zUGRvSFpXMTRlQU1xcUc0R0hZSHpxNXY3enRCUEtsVHBBajlfRk1Pa3VING42RmZaZUwtR1IyUmlxYTl6T2ZKZTkzNjJCQ1U0LVdtaWhHUEtEVG5najlIM01vdUlFSURqcjhVWnZ1dUV6ME9BUUJQM2JRZw?oc=5\" target=\"_blank\" rel=\"nofollow noopener\">Temperat\u016bra, nokri\u0161\u0146i un v\u0113ja \u0101trums: kur\u0161 no \u0161iem trim sestdien m\u016bs iepriecin\u0101s visvair\u0101k?<\/a>&nbsp;&nbsp;LA.LV<\/li>\n<li><a href=\"https:\/\/news.google.com\/rss\/articles\/CBMisAFBVV95cUxOb1hRQzRBLWpfWXo5MHBMRHo0TzNjWGhSUmlBcFJpbTFDZEFUeUxnU21sdkNKdm1tNEM0WTFPdk85YkpYXzR0cVVQbHl1UGdFVVAzUEE5UUVQR3hDbk9YSFFnR0dJVllWT25OWjdxcF96ZDhEWHVzNlV1UWdqc2xCZU9TR0dFNDhsaEJwdDRTTTJ3QWpEQXc2Z0xJcGc4Uk1rWDZrbWdJSXl2d3FGbmItTNIBtAFBVV95cUxNRUdsblRPNW45dlJZbjZ1TnpfN0NrZ0JNMU1ocy0xbm9Qb1ZOTmY2ajNmRkxQb2JRZWY3Nm9pLS1ucmxOSGJlekJsWjd3dzlMa2pmUmlmcm1oUVh6T2VDbnJ4T082RXlVZzNvWU5sNnp5YTR3ZkczY18zX3pVS19rS0lXbUtCWlJwNXd6eXpyS0g4UjI5dmtEc3pobERGLV9TV01qMmJ4T2wzNEdXQkR6VU5aOW0?oc=5\" target=\"_blank\" rel=\"nofollow noopener\">V\u0113j\u0161 dodas uz Latviju &#8211; sinopti\u0137i br\u012bdin\u0101ju\u0161i iedz\u012bvot\u0101jus<\/a>&nbsp;&nbsp;bb.lv<\/li>\n<\/ol>\n","protected":false},"excerpt":{"rendered":"Sestdiena b\u016bs saulaina, ta\u010du pievakar\u0113 Latviju sasniegs lietus m\u0101ko\u0146i&nbsp;&nbsp;TVNET &#8211; Laika zi\u0146as Sestdiena liel\u0101koties b\u016bs sausa, bet v\u0113l\u0101&hellip;\n","protected":false},"author":2,"featured_media":12114,"comment_status":"","ping_status":"","sticky":false,"template":"","format":"standard","meta":{"footnotes":""},"categories":[5],"tags":[23,28,29,32,33,22,396,397,30,31,35,39,38,36,37,34,40,20,26,27,24,25,21],"class_list":{"0":"post-12113","1":"post","2":"type-post","3":"status-publish","4":"format-standard","5":"has-post-thumbnail","7":"category-aktualitates","8":"tag-aktualitates","9":"tag-breaking-news","10":"tag-breakingnews","11":"tag-featured-news","12":"tag-featurednews","13":"tag-headlines","14":"tag-laika-zinas","15":"tag-laikapstakli","16":"tag-latest-news","17":"tag-latestnews","18":"tag-latvia","19":"tag-latvian","20":"tag-latviesu","21":"tag-latviesu-valoda","22":"tag-latviesuvaloda","23":"tag-latvija","24":"tag-lv","25":"tag-news","26":"tag-popularakas-zinas","27":"tag-popularakaszinas","28":"tag-top-stories","29":"tag-topstories","30":"tag-zinas"},"share_on_mastodon":{"url":"","error":""},"_links":{"self":[{"href":"https:\/\/www.europesays.com\/lv\/wp-json\/wp\/v2\/posts\/12113","targetHints":{"allow":["GET"]}}],"collection":[{"href":"https:\/\/www.europesays.com\/lv\/wp-json\/wp\/v2\/posts"}],"about":[{"href":"https:\/\/www.europesays.com\/lv\/wp-json\/wp\/v2\/types\/post"}],"author":[{"embeddable":true,"href":"https:\/\/www.europesays.com\/lv\/wp-json\/wp\/v2\/users\/2"}],"replies":[{"embeddable":true,"href":"https:\/\/www.europesays.com\/lv\/wp-json\/wp\/v2\/comments?post=12113"}],"version-history":[{"count":0,"href":"https:\/\/www.europesays.com\/lv\/wp-json\/wp\/v2\/posts\/12113\/revisions"}],"wp:featuredmedia":[{"embeddable":true,"href":"https:\/\/www.europesays.com\/lv\/wp-json\/wp\/v2\/media\/12114"}],"wp:attachment":[{"href":"https:\/\/www.europesays.com\/lv\/wp-json\/wp\/v2\/media?parent=12113"}],"wp:term":[{"taxonomy":"category","embeddable":true,"href":"https:\/\/www.europesays.com\/lv\/wp-json\/wp\/v2\/categories?post=12113"},{"taxonomy":"post_tag","embeddable":true,"href":"https:\/\/www.europesays.com\/lv\/wp-json\/wp\/v2\/tags?post=12113"}],"curies":[{"name":"wp","href":"https:\/\/api.w.org\/{rel}","templated":true}]}}