{"id":12115,"date":"2025-10-04T09:47:14","date_gmt":"2025-10-04T09:47:14","guid":{"rendered":"https:\/\/www.europesays.com\/lv\/12115\/"},"modified":"2025-10-04T09:47:14","modified_gmt":"2025-10-04T09:47:14","slug":"tagad-esmu-miera-ar-sevi-motoru-sports-sportacentrs-com","status":"publish","type":"post","link":"https:\/\/www.europesays.com\/lv\/12115\/","title":{"rendered":"&#8220;Tagad esmu mier\u0101 ar sevi&#8221; \u2013 Motoru sports \u2013 Sportacentrs.com"},"content":{"rendered":"<p>Markess starp 2013. un 2019. gadu bija izc\u012bn\u012bjis se\u0161us titulus septi\u0146\u0101s sezon\u0101s, ta\u010du kritiens Heres\u0101 lika p\u0101rdz\u012bvot vair\u0101kas oper\u0101cijas un garu rehabilit\u0101ciju. Atgrie\u0161an\u0101s m\u0113\u0123in\u0101jums tikai da\u017eas dienas p\u0113c pirm\u0101s oper\u0101cijas beidz\u0101s ar v\u0113l liel\u0101k\u0101m probl\u0113m\u0101m, un sp\u0101nis bija spiests izlaist visu sezonu.<\/p>\n<p>Tikai 2022. gad\u0101 p\u0113c ceturt\u0101s oper\u0101cijas roka atkal bija sp\u0113j\u012bga darboties pilnv\u0113rt\u012bgi. Lai atkal piepild\u012btu sapni par n\u0101kamo \u010dempiona titulu, Markess 2023. gad\u0101 \u0161\u0137\u012br\u0101s no &#8220;Honda&#8221; un pievienoj\u0101s &#8220;Ducati&#8221;. Sv\u0113tdien Jap\u0101nas posm\u0101 uzvar\u0113ja komandas biedrs Fran\u010desko Bagnaija, bet Markess fini\u0161\u0113ja otrais un kopv\u0113rt\u0113jum\u0101 k\u013cuva konkurentiem neaizsniedzams.<\/p>\n<p>&#8220;Nav iesp\u0113jams pat izteikt v\u0101rdos. Negribu atcer\u0113ties, ko es p\u0101rdz\u012bvoju, tikai v\u0113los baud\u012bt \u0161o br\u012bdi,&#8221; p\u0113c titula izc\u012bn\u012b\u0161anas atzina Markess. &#8220;Bija \u013coti gr\u016bti, supergr\u016bti. Bet tagad esmu mier\u0101 pats ar sevi.&#8221;<\/p>\n<p>Sarun\u0101 ar telev\u012bziju DAZN vi\u0146\u0161 piebilda: &#8220;Es vienm\u0113r redz\u0113ju gaismu tune\u013ca gal\u0101, un cilv\u0113ki man pal\u012bdz\u0113ja to ieraudz\u012bt v\u0113l vair\u0101k. T\u0101 bija c\u012b\u0146a \u2013 Marks pret Marku. Tagad \u0161is loks ir nosl\u0113dzies, un esmu mier\u0101. Tas ir pats svar\u012bg\u0101kais.&#8221;<\/p>\n<p>Izmantotie resursi:<br \/><a target=\"_blank\" href=\"http:\/\/www.f1.lv\" rel=\"nofollow noopener\">S\u0101kumlapa : F1LV Blogs<\/a><\/p>\n","protected":false},"excerpt":{"rendered":"Markess starp 2013. un 2019. gadu bija izc\u012bn\u012bjis se\u0161us titulus septi\u0146\u0101s sezon\u0101s, ta\u010du kritiens Heres\u0101 lika p\u0101rdz\u012bvot vair\u0101kas&hellip;\n","protected":false},"author":2,"featured_media":12116,"comment_status":"","ping_status":"","sticky":false,"template":"","format":"standard","meta":{"footnotes":""},"categories":[17],"tags":[35,39,38,36,37,34,40,165,67],"class_list":{"0":"post-12115","1":"post","2":"type-post","3":"status-publish","4":"format-standard","5":"has-post-thumbnail","7":"category-sports","8":"tag-latvia","9":"tag-latvian","10":"tag-latviesu","11":"tag-latviesu-valoda","12":"tag-latviesuvaloda","13":"tag-latvija","14":"tag-lv","15":"tag-motoru-sports","16":"tag-sports"},"share_on_mastodon":{"url":"","error":""},"_links":{"self":[{"href":"https:\/\/www.europesays.com\/lv\/wp-json\/wp\/v2\/posts\/12115","targetHints":{"allow":["GET"]}}],"collection":[{"href":"https:\/\/www.europesays.com\/lv\/wp-json\/wp\/v2\/posts"}],"about":[{"href":"https:\/\/www.europesays.com\/lv\/wp-json\/wp\/v2\/types\/post"}],"author":[{"embeddable":true,"href":"https:\/\/www.europesays.com\/lv\/wp-json\/wp\/v2\/users\/2"}],"replies":[{"embeddable":true,"href":"https:\/\/www.europesays.com\/lv\/wp-json\/wp\/v2\/comments?post=12115"}],"version-history":[{"count":0,"href":"https:\/\/www.europesays.com\/lv\/wp-json\/wp\/v2\/posts\/12115\/revisions"}],"wp:featuredmedia":[{"embeddable":true,"href":"https:\/\/www.europesays.com\/lv\/wp-json\/wp\/v2\/media\/12116"}],"wp:attachment":[{"href":"https:\/\/www.europesays.com\/lv\/wp-json\/wp\/v2\/media?parent=12115"}],"wp:term":[{"taxonomy":"category","embeddable":true,"href":"https:\/\/www.europesays.com\/lv\/wp-json\/wp\/v2\/categories?post=12115"},{"taxonomy":"post_tag","embeddable":true,"href":"https:\/\/www.europesays.com\/lv\/wp-json\/wp\/v2\/tags?post=12115"}],"curies":[{"name":"wp","href":"https:\/\/api.w.org\/{rel}","templated":true}]}}