{"id":12123,"date":"2025-10-04T09:59:09","date_gmt":"2025-10-04T09:59:09","guid":{"rendered":"https:\/\/www.europesays.com\/lv\/12123\/"},"modified":"2025-10-04T09:59:09","modified_gmt":"2025-10-04T09:59:09","slug":"marko-pec-verstapena-gt3-debijas-uzvaras-uzskata-ka-f1-tituls-vel-nav-zaudets-motoru-sports-sportacentrs-com","status":"publish","type":"post","link":"https:\/\/www.europesays.com\/lv\/12123\/","title":{"rendered":"Marko p\u0113c Verstapena GT3 debijas uzvaras uzskata, ka F1 tituls v\u0113l nav zaud\u0113ts \u2013 Motoru sports \u2013 Sportacentrs.com"},"content":{"rendered":"<p>&#8220;Neticami, k\u0101 Makss to izdar\u012bja,&#8221; sac\u012bja Marko intervij\u0101 &#8220;\u00d6sterreich&#8221;. &#8220;Jau pats starts un pirmais l\u012bkums, k\u0101 vi\u0146\u0161 apdzina abus priek\u0161\u0101 brauco\u0161os \u2013 tas bija tipiski Verstapenam. Neviens cits t\u0101 nevar. Vi\u0146\u0161 otrajam pilotam iedeva min\u016btes p\u0101rsvaru. L\u012bdz\u012bgas lietas vi\u0146\u0161 dara ar\u012b F1 ma\u0161\u012bn\u0101.&#8221;<\/p>\n<p>Austrie\u0161u speci\u0101lists uzsv\u0113ra, ka Makss ir fan\u0101tisks brauc\u0113js, kur\u0161 izmanto katru iesp\u0113ju start\u0113t. Vienlaikus gan Verstapenam pagaid\u0101m neb\u016bs at\u013cauts piedal\u012bties Lem\u0101n\u0101, lai gan citas GT3 sacens\u012bbas n\u0101kotn\u0113 nav izsl\u0113gtas \u2013 pat ar iesp\u0113ju, ka p\u0113c F1 vi\u0146\u0161 var\u0113tu veidot vien\u012bbu kop\u0101 ar t\u0113vu Josu.<\/p>\n<p>Pa\u0161laik uzman\u012bba atgrie\u017eas F1 \u010dempion\u0101tu un posmu Singap\u016br\u0101. Verstapens \u010dempion\u0101ta kopv\u0113rt\u0113jum\u0101 atpaliek no Oskara Piastri par 69 punktiem. &#8220;Uzvara Baku ir atgriezusi cer\u012bbu,&#8221; sac\u012bja Marko. &#8220;Ja Makss to sp\u0113s apgriezt par labu sev, t\u0101 b\u016bs visu laiku liel\u0101k\u0101 atgrie\u0161an\u0101s.&#8221;<\/p>\n<p>Ar\u012b &#8220;Red Bull&#8221; tehniskais vad\u012bt\u0101js Pj\u0113rs Va\u0161s uzsv\u0113ris, ka komanda negras\u0101s padoties pat tad, ja konkurenti jau vair\u0101k koncentr\u0113jas uz 2026. gada noteikumiem: &#8220;Ja redzam iesp\u0113ju uzvar\u0113t \u010dempion\u0101t\u0101 un nepiecie\u0161ama t\u0101l\u0101ka att\u012bst\u012bba, tad to dar\u012bsim. M\u0113s neatdosim neko.&#8221;<\/p>\n<p>Izmantotie resursi:<br \/><a target=\"_blank\" href=\"http:\/\/www.f1.lv\" rel=\"nofollow noopener\">S\u0101kumlapa : F1LV Blogs<\/a><\/p>\n","protected":false},"excerpt":{"rendered":"&#8220;Neticami, k\u0101 Makss to izdar\u012bja,&#8221; sac\u012bja Marko intervij\u0101 &#8220;\u00d6sterreich&#8221;. &#8220;Jau pats starts un pirmais l\u012bkums, k\u0101 vi\u0146\u0161 apdzina&hellip;\n","protected":false},"author":2,"featured_media":12124,"comment_status":"","ping_status":"","sticky":false,"template":"","format":"standard","meta":{"footnotes":""},"categories":[17],"tags":[35,39,38,36,37,34,40,165,67],"class_list":{"0":"post-12123","1":"post","2":"type-post","3":"status-publish","4":"format-standard","5":"has-post-thumbnail","7":"category-sports","8":"tag-latvia","9":"tag-latvian","10":"tag-latviesu","11":"tag-latviesu-valoda","12":"tag-latviesuvaloda","13":"tag-latvija","14":"tag-lv","15":"tag-motoru-sports","16":"tag-sports"},"share_on_mastodon":{"url":"","error":""},"_links":{"self":[{"href":"https:\/\/www.europesays.com\/lv\/wp-json\/wp\/v2\/posts\/12123","targetHints":{"allow":["GET"]}}],"collection":[{"href":"https:\/\/www.europesays.com\/lv\/wp-json\/wp\/v2\/posts"}],"about":[{"href":"https:\/\/www.europesays.com\/lv\/wp-json\/wp\/v2\/types\/post"}],"author":[{"embeddable":true,"href":"https:\/\/www.europesays.com\/lv\/wp-json\/wp\/v2\/users\/2"}],"replies":[{"embeddable":true,"href":"https:\/\/www.europesays.com\/lv\/wp-json\/wp\/v2\/comments?post=12123"}],"version-history":[{"count":0,"href":"https:\/\/www.europesays.com\/lv\/wp-json\/wp\/v2\/posts\/12123\/revisions"}],"wp:featuredmedia":[{"embeddable":true,"href":"https:\/\/www.europesays.com\/lv\/wp-json\/wp\/v2\/media\/12124"}],"wp:attachment":[{"href":"https:\/\/www.europesays.com\/lv\/wp-json\/wp\/v2\/media?parent=12123"}],"wp:term":[{"taxonomy":"category","embeddable":true,"href":"https:\/\/www.europesays.com\/lv\/wp-json\/wp\/v2\/categories?post=12123"},{"taxonomy":"post_tag","embeddable":true,"href":"https:\/\/www.europesays.com\/lv\/wp-json\/wp\/v2\/tags?post=12123"}],"curies":[{"name":"wp","href":"https:\/\/api.w.org\/{rel}","templated":true}]}}