{"id":12125,"date":"2025-10-04T10:01:07","date_gmt":"2025-10-04T10:01:07","guid":{"rendered":"https:\/\/www.europesays.com\/lv\/12125\/"},"modified":"2025-10-04T10:01:07","modified_gmt":"2025-10-04T10:01:07","slug":"euroclear-aicina-eiropas-komisiju-ieverot-starptautiskas-tiesibas-rikojoties-ar-krievijas-aktiviem-lente-lv","status":"publish","type":"post","link":"https:\/\/www.europesays.com\/lv\/12125\/","title":{"rendered":"Euroclear aicina Eiropas Komisiju iev\u0113rot starptautisk\u0101s ties\u012bbas, r\u012bkojoties ar Krievijas akt\u012bviem\u00a0\u2014\u00a0Lente.lv"},"content":{"rendered":"<p>Euroclear aicina iev\u0113rot starptautisk\u0101s ties\u012bbas attiec\u012bb\u0101 uz Krievijas akt\u012bviem<\/p>\n<p>Be\u013c\u0123ijas v\u0113rtspap\u012bru depozit\u0101rijs Euroclear ir publiski aicin\u0101jis Eiropas Komisiju (EK) cie\u0161\u0101k iev\u0113rot starptautisk\u0101s ties\u012bbas, pie\u0146emot l\u0113mumus par Krievijas Feder\u0101cijas iesald\u0113tajiem akt\u012bviem. \u0160is v\u0113st\u012bjums izskan\u0113jis laik\u0101, kad tiek akt\u012bvi apspriesta un izskat\u012bta da\u017e\u0101du valstu un starptautisku instit\u016bciju iesp\u0113jam\u0101 r\u012bc\u012bba ar \u0161iem l\u012bdzek\u013ciem. Euroclear p\u0101rst\u0101vji uzsver, ka jebk\u0101di risin\u0101jumi nedr\u012bkst\u0113tu b\u016bt pretrun\u0101 ar valstu \u012bpa\u0161uma neaizskaram\u012bbas principiem un \u012bpa\u0161umties\u012bbu pamatnost\u0101dn\u0113m, kas ir neat\u0146emama starptautisko ties\u012bbu sast\u0101vda\u013ca.<\/p>\n<p>Ba\u017eas par tiesisko pamatu un sek\u0101m<\/p>\n<p>\u0160is Euroclear paustais viedoklis nav vien\u012bgais, kas nor\u0101da uz potenci\u0101l\u0101m probl\u0113m\u0101m. Jau iepriek\u0161 V\u0101cijas kanclers Fr\u012bdrihs Mercs izteicis nopietnas ba\u017eas par iesp\u0113jamo Krievijas Centr\u0101l\u0101s bankas l\u012bdzek\u013cu konfisc\u0113\u0161anu, kas glab\u0101jas Euroclear. Vi\u0146a argument\u0101cija galvenok\u0101rt balst\u012bta uz potenci\u0101laj\u0101m negat\u012bvaj\u0101m sek\u0101m pa\u0161ai Be\u013c\u0123ijai k\u0101 valstij, kur\u0101 atrodas \u0161is noz\u012bm\u012bgais finan\u0161u depozit\u0101rijs. L\u012bdz\u012bgi br\u012bdin\u0101jumi par tiesiskuma un stabilit\u0101tes apdraud\u0113jumu tiek izskan\u0113ju\u0161i ar\u012b citos finan\u0161u un politiskajos aprind\u0101s. Ir svar\u012bgi saprast, ka starptautisk\u0101s ties\u012bbas ir k\u0101 sare\u017e\u0123\u012bts meh\u0101nisms, kas uztur glob\u0101lo k\u0101rt\u012bbu. L\u012bdz\u012bgi k\u0101 juridisks l\u012bgums starp person\u0101m, starptautisk\u0101s ties\u012bbas nosaka valstu savstarp\u0113j\u0101s attiec\u012bbas un pien\u0101kumus. Ja vienas puses p\u0101rk\u0101pj \u0161os principus, tas var rad\u012bt neparedzamas un pla\u0161a m\u0113roga sekas visai sist\u0113mai.<\/p>\n<p>Eiropas Savien\u012bbas sankciju politika un t\u0101s tvars<\/p>\n<p>\u0160obr\u012bd Eiropas Savien\u012bba turpina pastiprin\u0101t sankciju politiku pret Krieviju. Atg\u0101din\u0101m, ka jau august\u0101 Eiropas Komisijas priek\u0161s\u0113d\u0113t\u0101ja Urzula fon der Laiena apliecin\u0101ja \u0161o nodomu, pau\u017eot gatav\u012bbu maksim\u0101li palielin\u0101t spiedienu uz Krieviju. \u0160is atkl\u0101tais aicin\u0101jums no Euroclear liecina, ka politiskais spiediens un ekonomisk\u0101s sankcijas var non\u0101kt saskar\u0113 ar starptautisko ties\u012bbu pamatprincipiem, radot dilemmu starp politiskajiem m\u0113r\u0137iem un tiesisko k\u0101rt\u012bbu. Diskusijas par \u0161o jaut\u0101jumu ir \u013coti vit\u0101las, jo t\u0101s ietekm\u0113 gan glob\u0101lo finan\u0161u tirgu stabilit\u0101ti, gan turpm\u0101ko starptautisko attiec\u012bbu dinamiku.<\/p>\n","protected":false},"excerpt":{"rendered":"Euroclear aicina iev\u0113rot starptautisk\u0101s ties\u012bbas attiec\u012bb\u0101 uz Krievijas akt\u012bviem Be\u013c\u0123ijas v\u0113rtspap\u012bru depozit\u0101rijs Euroclear ir publiski aicin\u0101jis Eiropas Komisiju&hellip;\n","protected":false},"author":2,"featured_media":12126,"comment_status":"","ping_status":"","sticky":false,"template":"","format":"standard","meta":{"footnotes":""},"categories":[14],"tags":[23,57,28,29,512,4369,32,33,22,4370,4011,30,31,35,39,38,36,37,34,40,20,26,27,2405,24,25,54,55,56,21,58],"class_list":{"0":"post-12125","1":"post","2":"type-post","3":"status-publish","4":"format-standard","5":"has-post-thumbnail","7":"category-zinas-no-arvalstim","8":"tag-aktualitates","9":"tag-arvalstim","10":"tag-breaking-news","11":"tag-breakingnews","12":"tag-eiropas-komisija","13":"tag-euroclear","14":"tag-featured-news","15":"tag-featurednews","16":"tag-headlines","17":"tag-iesaldetie-lidzekli","18":"tag-krievijas-aktivi","19":"tag-latest-news","20":"tag-latestnews","21":"tag-latvia","22":"tag-latvian","23":"tag-latviesu","24":"tag-latviesu-valoda","25":"tag-latviesuvaloda","26":"tag-latvija","27":"tag-lv","28":"tag-news","29":"tag-popularakas-zinas","30":"tag-popularakaszinas","31":"tag-starptautiskas-tiesibas","32":"tag-top-stories","33":"tag-topstories","34":"tag-world","35":"tag-world-news","36":"tag-worldnews","37":"tag-zinas","38":"tag-zinas-no-arvalstim"},"share_on_mastodon":{"url":"","error":""},"_links":{"self":[{"href":"https:\/\/www.europesays.com\/lv\/wp-json\/wp\/v2\/posts\/12125","targetHints":{"allow":["GET"]}}],"collection":[{"href":"https:\/\/www.europesays.com\/lv\/wp-json\/wp\/v2\/posts"}],"about":[{"href":"https:\/\/www.europesays.com\/lv\/wp-json\/wp\/v2\/types\/post"}],"author":[{"embeddable":true,"href":"https:\/\/www.europesays.com\/lv\/wp-json\/wp\/v2\/users\/2"}],"replies":[{"embeddable":true,"href":"https:\/\/www.europesays.com\/lv\/wp-json\/wp\/v2\/comments?post=12125"}],"version-history":[{"count":0,"href":"https:\/\/www.europesays.com\/lv\/wp-json\/wp\/v2\/posts\/12125\/revisions"}],"wp:featuredmedia":[{"embeddable":true,"href":"https:\/\/www.europesays.com\/lv\/wp-json\/wp\/v2\/media\/12126"}],"wp:attachment":[{"href":"https:\/\/www.europesays.com\/lv\/wp-json\/wp\/v2\/media?parent=12125"}],"wp:term":[{"taxonomy":"category","embeddable":true,"href":"https:\/\/www.europesays.com\/lv\/wp-json\/wp\/v2\/categories?post=12125"},{"taxonomy":"post_tag","embeddable":true,"href":"https:\/\/www.europesays.com\/lv\/wp-json\/wp\/v2\/tags?post=12125"}],"curies":[{"name":"wp","href":"https:\/\/api.w.org\/{rel}","templated":true}]}}