{"id":12139,"date":"2025-10-04T10:13:07","date_gmt":"2025-10-04T10:13:07","guid":{"rendered":"https:\/\/www.europesays.com\/lv\/12139\/"},"modified":"2025-10-04T10:13:07","modified_gmt":"2025-10-04T10:13:07","slug":"video-%e2%9f%a9-ukrainu-droni-uzbrukusi-naftas-parstrades-rupnicai-kirisos-leningradas-apgabala","status":"publish","type":"post","link":"https:\/\/www.europesays.com\/lv\/12139\/","title":{"rendered":"VIDEO \u27e9 Ukrai\u0146u droni uzbruku\u0161i naftas p\u0101rstr\u0101des r\u016bpn\u012bcai Kiri\u0161os, \u013be\u0146ingradas apgabal\u0101"},"content":{"rendered":"<p>P\u0113c dronu uzbrukumiem Krievij\u0101, \u013be\u0146ingradas apgabal\u0101 sestdienas nakt\u012b izc\u0113l\u0101s ugunsgr\u0113ks r\u016bpniec\u012bbas zon\u0101 Kiri\u0161u pils\u0113t\u0101, kur atrodas naftas p\u0101rstr\u0101des r\u016bpn\u012bca \u201cKiri\u0161inefteorgsintez\u201d (KINEF). Par to sestdienas, 4. oktobra, nakt\u012b Telegram zi\u0146oja re\u0123iona gubernators Aleksandrs Drozdens, preciz\u0113jot, ka \u201cpret bezpilota lidapar\u0101tiem Kiri\u0161os darbojas pretgaisa aizsardz\u012bba\u201d.<\/p>\n<p>P\u0113c vi\u0146a teikt\u0101, tika izn\u012bcin\u0101ti septi\u0146i bezpilota lidapar\u0101ti, un \u201cugunsgr\u0113ks r\u016bpniec\u012bbas zon\u0101 ir likvid\u0113ts\u201d. P\u0113c Rospotrebnadzora inform\u0101cijas, ekolo\u0123isk\u0101 situ\u0101cija ir norm\u0101la.<\/p>\n<p>Iepriek\u0161 saist\u012bb\u0101 ar bezpilota lidapar\u0101tu par\u0101d\u012b\u0161anos virs \u013be\u0146ingradas apgabala tika izsludin\u0101ta gaisa trauksme. Iesp\u0113jams, tiks samazin\u0101ts mobil\u0101 interneta darb\u012bbas \u0101trums, br\u012bdin\u0101ja Drozdens.<\/p>\n<blockquote class=\"twitter-tweet\">\n<p lang=\"en\" dir=\"ltr\">\ud83d\udd25\ud83d\udee2\ufe0fSecond largest Russian oil refinery \u2013 Kinef oil refinery in Kirishi, Leningrad region, is under drone attack.<\/p>\n<p>Kinef has a capacity of more than 20 million tons per year and is located 800 km from the front.<\/p>\n<p>P.S: During the first attack on Kinef on the 14th of September\u2026 <a href=\"https:\/\/t.co\/g6JwRlCQNz\" rel=\"nofollow\">pic.twitter.com\/g6JwRlCQNz<\/a><\/p>\n<p>\u2014 Special Kherson Cat \ud83d\udc08\ud83c\uddfa\ud83c\udde6 (@bayraktar_1love) <a href=\"https:\/\/twitter.com\/bayraktar_1love\/status\/1974300930842542361?ref_src=twsrc%5Etfw\" rel=\"nofollow noopener\" target=\"_blank\">October 4, 2025<\/a><\/p><\/blockquote>\n<p>Tikm\u0113r, saska\u0146\u0101 ar Telegram kan\u0101la SHOT inform\u0101ciju, viet\u0113jie iedz\u012bvot\u0101ji st\u0101st\u012bja par spr\u0101dzieniem un spilgtiem gaismas uzliesmojumiem pils\u0113tas debes\u012bs apm\u0113ram plkst. 03.00 p\u0113c Maskavas laika, k\u0101 ar\u012b par vair\u0101ku Ukrainas bezpilota lidapar\u0101tu izn\u012bcin\u0101\u0161anu.<\/p>\n<p><script async src=\"https:\/\/platform.twitter.com\/widgets.js\" charset=\"utf-8\"><\/script><\/p>\n","protected":false},"excerpt":{"rendered":"P\u0113c dronu uzbrukumiem Krievij\u0101, \u013be\u0146ingradas apgabal\u0101 sestdienas nakt\u012b izc\u0113l\u0101s ugunsgr\u0113ks r\u016bpniec\u012bbas zon\u0101 Kiri\u0161u pils\u0113t\u0101, kur atrodas naftas p\u0101rstr\u0101des&hellip;\n","protected":false},"author":2,"featured_media":12140,"comment_status":"","ping_status":"","sticky":false,"template":"","format":"standard","meta":{"footnotes":""},"categories":[14],"tags":[23,57,28,29,75,32,33,22,234,74,30,31,35,39,38,36,37,34,40,2421,20,26,27,24,25,54,55,56,21,58],"class_list":{"0":"post-12139","1":"post","2":"type-post","3":"status-publish","4":"format-standard","5":"has-post-thumbnail","7":"category-zinas-no-arvalstim","8":"tag-aktualitates","9":"tag-arvalstim","10":"tag-breaking-news","11":"tag-breakingnews","12":"tag-droni","13":"tag-featured-news","14":"tag-featurednews","15":"tag-headlines","16":"tag-krievija","17":"tag-krievijas-iebrukums-ukraina","18":"tag-latest-news","19":"tag-latestnews","20":"tag-latvia","21":"tag-latvian","22":"tag-latviesu","23":"tag-latviesu-valoda","24":"tag-latviesuvaloda","25":"tag-latvija","26":"tag-lv","27":"tag-nafta","28":"tag-news","29":"tag-popularakas-zinas","30":"tag-popularakaszinas","31":"tag-top-stories","32":"tag-topstories","33":"tag-world","34":"tag-world-news","35":"tag-worldnews","36":"tag-zinas","37":"tag-zinas-no-arvalstim"},"share_on_mastodon":{"url":"","error":""},"_links":{"self":[{"href":"https:\/\/www.europesays.com\/lv\/wp-json\/wp\/v2\/posts\/12139","targetHints":{"allow":["GET"]}}],"collection":[{"href":"https:\/\/www.europesays.com\/lv\/wp-json\/wp\/v2\/posts"}],"about":[{"href":"https:\/\/www.europesays.com\/lv\/wp-json\/wp\/v2\/types\/post"}],"author":[{"embeddable":true,"href":"https:\/\/www.europesays.com\/lv\/wp-json\/wp\/v2\/users\/2"}],"replies":[{"embeddable":true,"href":"https:\/\/www.europesays.com\/lv\/wp-json\/wp\/v2\/comments?post=12139"}],"version-history":[{"count":0,"href":"https:\/\/www.europesays.com\/lv\/wp-json\/wp\/v2\/posts\/12139\/revisions"}],"wp:featuredmedia":[{"embeddable":true,"href":"https:\/\/www.europesays.com\/lv\/wp-json\/wp\/v2\/media\/12140"}],"wp:attachment":[{"href":"https:\/\/www.europesays.com\/lv\/wp-json\/wp\/v2\/media?parent=12139"}],"wp:term":[{"taxonomy":"category","embeddable":true,"href":"https:\/\/www.europesays.com\/lv\/wp-json\/wp\/v2\/categories?post=12139"},{"taxonomy":"post_tag","embeddable":true,"href":"https:\/\/www.europesays.com\/lv\/wp-json\/wp\/v2\/tags?post=12139"}],"curies":[{"name":"wp","href":"https:\/\/api.w.org\/{rel}","templated":true}]}}