{"id":12198,"date":"2025-10-04T11:21:12","date_gmt":"2025-10-04T11:21:12","guid":{"rendered":"https:\/\/www.europesays.com\/lv\/12198\/"},"modified":"2025-10-04T11:21:12","modified_gmt":"2025-10-04T11:21:12","slug":"saulains-rits-bet-latgale-makoni-piektdienas-laika-prognoze-latvija-lente-lv","status":"publish","type":"post","link":"https:\/\/www.europesays.com\/lv\/12198\/","title":{"rendered":"Saulains r\u012bts, bet Latgal\u0113 m\u0101ko\u0146i \u2013 piektdienas laika prognoze Latvij\u0101\u00a0\u2014\u00a0Lente.lv"},"content":{"rendered":"<p>Dienas visp\u0101r\u0113jais raksturojums<\/p>\n<p>\u0160o piektdien, 2025. gada 3. oktobr\u012b, Latvijas liel\u0101kaj\u0101 da\u013c\u0101 m\u016bs sagaid\u012bs pat\u012bkama un saulaina diena, kas \u013caus izbaud\u012bt rudens m\u012bkstos starus. Lai gan debesis daudzviet mirdz\u0113s skaidr\u012bb\u0101, tom\u0113r \u012bpa\u0161i Latgal\u0113 diena sol\u0101s b\u016bt m\u0101ko\u0146ain\u0101ka, radot nedaudz dr\u016bm\u0101ku noska\u0146u. Neskatoties uz m\u0101ko\u0146u esam\u012bbu, pla\u0161i nokri\u0161\u0146i nav gaid\u0101mi, t\u0101d\u0113\u013c ce\u013ci paliks sausi un ikdienas gaitas netrauc\u0113s lietus.\u00bb Tikai retais ir t\u0101ds, kur\u0161 sp\u0113tu piln\u012bb\u0101 noliegt dabas valdzin\u0101jumu, \u012bpa\u0161i, kad t\u0101 sniedz mums \u0161\u0101das br\u012bni\u0161\u0137\u012bgas, saulainas d\u0101vanas,\u00bb saka k\u0101ds tautas gudr\u012bbas teiciens, kas lieliski raksturo \u0161\u012bs dienas potenci\u0101lu.<\/p>\n<p>Temperat\u016bras un v\u0113ja noska\u0146as<\/p>\n<p>Gaisa temperat\u016bra Latvij\u0101 piektdien b\u016bs pat\u012bkama rudens l\u012bmen\u012b, sv\u0101rstoties no 9 l\u012bdz 13 gr\u0101diem p\u0113c Celsija. \u0160is siltums \u013caus baud\u012bt dienu \u0101rpus telp\u0101m, dodoties pastaig\u0101s vai vienk\u0101r\u0161i atp\u016b\u0161oties dab\u0101. Lai gan v\u0113j\u0161 Latvij\u0101 saglab\u0101sies l\u0113ns, tas galvenok\u0101rt p\u016bt\u012bs no austrumiem. Savuk\u0101rt R\u012bg\u0101 \u0161\u012b r\u0101m\u0101 laika atmosf\u0113ra b\u016bs v\u0113l izteikt\u0101ka \u2013 debesis br\u012b\u017eiem skaidrosies, solot maksim\u0101lo temperat\u016bru ap 12\u201313 gr\u0101diem. \u00abMier\u012bgums dv\u0113sel\u0113 bie\u017ei vien atn\u0101k kop\u0101 ar mier\u012bgu laiku \u0101rpus\u0113,\u00bb k\u0101ds dzejnieks reiz teicis, un \u0161\u012b piektdiena var\u0113tu b\u016bt k\u0101 rad\u012bta \u0161\u0101dam mieram.<\/p>\n<p>\u012apa\u0161i nov\u0113rojumi Latgal\u0113<\/p>\n<p>K\u0101 jau min\u0113ts, Latgales re\u0123ion\u0101 piektdien debesis b\u016bs m\u0101ko\u0146ain\u0101kas nek\u0101 citviet Latvij\u0101. Lai gan tie\u0161i tur iesp\u0113jams \u012bslaic\u012bgs lietus, tom\u0113r tas neb\u016bs ilgsto\u0161s un pla\u0161a m\u0113roga. \u0160\u012b re\u0123iona iedz\u012bvot\u0101ji un viesi var\u0113tu sagaid\u012bt nedaudz cit\u0101d\u0101ku, varb\u016bt pat nedaudz nosl\u0113pumain\u0101ku dienu. \u00abM\u0101ko\u0146i p\u0101r debes\u012bm \u2013 tie nav tikai \u016bdens pilieni, bet ar\u012b st\u0101sts par p\u0101rmai\u0146\u0101m,\u00bb k\u0101ds filozofs reiz atz\u012bm\u0113jis. \u0160is nov\u0113rojums \u012bpa\u0161i attiecin\u0101ms uz Latgali \u0161aj\u0101 piektdien\u0101.<\/p>\n<p>Nosl\u0113dzo\u0161\u0101s domas par ned\u0113\u013cas nogali<\/p>\n<p>Lai gan piektdienas laikapst\u0101k\u013ci ir mier\u012bgi un saulaini, sinopti\u0137i jau nor\u0101da, ka br\u012bvdien\u0101s un n\u0101kam\u0101s ned\u0113\u013cas s\u0101kum\u0101 gaid\u0101mas izteikt\u0101kas rudens p\u0101rmai\u0146as. Paredzams, ka sestdien v\u0113j\u0161 nedaudz pie\u0146emsies sp\u0113k\u0101, \u012bpa\u0161i Kurzem\u0113, un sv\u0113tdien Latvijai p\u0101ri virz\u012bsies pla\u0161\u0101ka nokri\u0161\u0146u zona, padarot dienu v\u0113jain\u0101ku un lietain\u0101ku vis\u0101 valsts teritorij\u0101. Tom\u0113r pirms \u0161\u012bm p\u0101rmai\u0146\u0101m mums ir iesp\u0113ja baud\u012bt r\u0101mu un saulainu piektdienu, kas lieliski nosl\u0113gs darba ned\u0113\u013cu.<\/p>\n","protected":false},"excerpt":{"rendered":"Dienas visp\u0101r\u0113jais raksturojums \u0160o piektdien, 2025. gada 3. oktobr\u012b, Latvijas liel\u0101kaj\u0101 da\u013c\u0101 m\u016bs sagaid\u012bs pat\u012bkama un saulaina diena,&hellip;\n","protected":false},"author":2,"featured_media":12199,"comment_status":"","ping_status":"","sticky":false,"template":"","format":"standard","meta":{"footnotes":""},"categories":[5],"tags":[23,28,29,32,33,22,152,30,31,321,35,39,38,36,37,34,40,20,2855,26,27,4386,24,25,21],"class_list":{"0":"post-12198","1":"post","2":"type-post","3":"status-publish","4":"format-standard","5":"has-post-thumbnail","7":"category-aktualitates","8":"tag-aktualitates","9":"tag-breaking-news","10":"tag-breakingnews","11":"tag-featured-news","12":"tag-featurednews","13":"tag-headlines","14":"tag-laika-prognoze","15":"tag-latest-news","16":"tag-latestnews","17":"tag-latgale","18":"tag-latvia","19":"tag-latvian","20":"tag-latviesu","21":"tag-latviesu-valoda","22":"tag-latviesuvaloda","23":"tag-latvija","24":"tag-lv","25":"tag-news","26":"tag-piektdiena","27":"tag-popularakas-zinas","28":"tag-popularakaszinas","29":"tag-saulains-laiks","30":"tag-top-stories","31":"tag-topstories","32":"tag-zinas"},"share_on_mastodon":{"url":"","error":""},"_links":{"self":[{"href":"https:\/\/www.europesays.com\/lv\/wp-json\/wp\/v2\/posts\/12198","targetHints":{"allow":["GET"]}}],"collection":[{"href":"https:\/\/www.europesays.com\/lv\/wp-json\/wp\/v2\/posts"}],"about":[{"href":"https:\/\/www.europesays.com\/lv\/wp-json\/wp\/v2\/types\/post"}],"author":[{"embeddable":true,"href":"https:\/\/www.europesays.com\/lv\/wp-json\/wp\/v2\/users\/2"}],"replies":[{"embeddable":true,"href":"https:\/\/www.europesays.com\/lv\/wp-json\/wp\/v2\/comments?post=12198"}],"version-history":[{"count":0,"href":"https:\/\/www.europesays.com\/lv\/wp-json\/wp\/v2\/posts\/12198\/revisions"}],"wp:featuredmedia":[{"embeddable":true,"href":"https:\/\/www.europesays.com\/lv\/wp-json\/wp\/v2\/media\/12199"}],"wp:attachment":[{"href":"https:\/\/www.europesays.com\/lv\/wp-json\/wp\/v2\/media?parent=12198"}],"wp:term":[{"taxonomy":"category","embeddable":true,"href":"https:\/\/www.europesays.com\/lv\/wp-json\/wp\/v2\/categories?post=12198"},{"taxonomy":"post_tag","embeddable":true,"href":"https:\/\/www.europesays.com\/lv\/wp-json\/wp\/v2\/tags?post=12198"}],"curies":[{"name":"wp","href":"https:\/\/api.w.org\/{rel}","templated":true}]}}