{"id":12214,"date":"2025-10-04T11:39:08","date_gmt":"2025-10-04T11:39:08","guid":{"rendered":"https:\/\/www.europesays.com\/lv\/12214\/"},"modified":"2025-10-04T11:39:08","modified_gmt":"2025-10-04T11:39:08","slug":"krievijas-uzbrukuma-pasazieru-vilcienam-sumu-apgabala-apmeram-30-cietusie","status":"publish","type":"post","link":"https:\/\/www.europesays.com\/lv\/12214\/","title":{"rendered":"Krievijas uzbrukum\u0101 pasa\u017eieru vilcienam Sumu apgabal\u0101 apm\u0113ram 30 cietu\u0161ie"},"content":{"rendered":"<p>Sumu apgabala kara administr\u0101cijas vad\u012bt\u0101js Olehs Hrihorovs pazi\u0146oja, ka noticis trieciens civilajai infrastrukt\u016brai, proti, mar\u0161ruta \u0160ostka-Kijiva vilcienam, kas st\u0101v\u0113ja \u0160ostkas stacij\u0101.<\/p>\n<p>Ukrainas prezidents Volodmirs Zelenskis platform\u0101 &#8220;Telegram&#8221; Krievijas dronu triecienu raksturoja k\u0101 brut\u0101lu un uzsv\u0113ra, ka krievi &#8220;nevar\u0113ja nezin\u0101t, ka vi\u0146i tr\u0101pa civiliedz\u012bvot\u0101jiem, un tas ir terors, ko pasaulei nav ties\u012bbu ignor\u0113t&#8221;.<\/p>\n<p>&#8220;Katru dienu Krievija laupa cilv\u0113ku dz\u012bv\u012bbas. Un tikai sp\u0113ks var likt vi\u0146iem to p\u0101rtraukt. M\u0113s esam dzird\u0113ju\u0161i sp\u0113c\u012bgus pazi\u0146ojumus no Eiropas un ASV, un jau sen ir pien\u0101cis laiks tos visus p\u0101rv\u0113rst realit\u0101t\u0113. Kop\u012bgi, kop\u0101 ar visiem, kas neuzskata, ka slepkav\u012bbas un terors ir norm\u0101li. Ar run\u0101\u0161anu tagad nepietiek. Ir vajadz\u012bga stingra r\u012bc\u012bba,&#8221; uzsv\u0113ra Zelenskis.<\/p>\n<p>Ukrainas \u0123ener\u0101lprokurat\u016bra inform\u0113ja, ka vismaz asto\u0146i cilv\u0113ki ir nog\u0101d\u0101ti slimn\u012bc\u0101, savuk\u0101rt Ukrainas premjerministre J\u016blija Sviridenko pazi\u0146oja par apm\u0113ram 30 cietu\u0161ajiem.<\/p>\n<p>Prokurat\u016br\u0101 nor\u0101d\u012bja, ka s\u0101kotn\u0113ji dronu triecien\u0101 cieta vilciens, kas gaid\u012bja atie\u0161anu no \u0160ostkas stacijas, bet p\u0113c da\u017e\u0101m min\u016bt\u0113m, kas notika pasa\u017eieru evaku\u0101cija no pirmaj\u0101 triecien\u0101 cietu\u0161\u0101 vilciena, atk\u0101rtots uzbrukums tika v\u0113rsts pret v\u0113l citu vilcienu.<\/p>\n<p>P\u0113d\u0113j\u0101 laik\u0101 Krievija ir pastiprin\u0101jusi uzbrukumus Ukrainas dzelzce\u013ca infrastrukt\u016brai.<\/p>\n","protected":false},"excerpt":{"rendered":"Sumu apgabala kara administr\u0101cijas vad\u012bt\u0101js Olehs Hrihorovs pazi\u0146oja, ka noticis trieciens civilajai infrastrukt\u016brai, proti, mar\u0161ruta \u0160ostka-Kijiva vilcienam, kas&hellip;\n","protected":false},"author":2,"featured_media":12215,"comment_status":"","ping_status":"","sticky":false,"template":"","format":"standard","meta":{"footnotes":""},"categories":[5],"tags":[23,28,29,32,33,22,74,30,31,35,39,38,36,37,34,40,20,26,27,24,25,276,21],"class_list":{"0":"post-12214","1":"post","2":"type-post","3":"status-publish","4":"format-standard","5":"has-post-thumbnail","7":"category-aktualitates","8":"tag-aktualitates","9":"tag-breaking-news","10":"tag-breakingnews","11":"tag-featured-news","12":"tag-featurednews","13":"tag-headlines","14":"tag-krievijas-iebrukums-ukraina","15":"tag-latest-news","16":"tag-latestnews","17":"tag-latvia","18":"tag-latvian","19":"tag-latviesu","20":"tag-latviesu-valoda","21":"tag-latviesuvaloda","22":"tag-latvija","23":"tag-lv","24":"tag-news","25":"tag-popularakas-zinas","26":"tag-popularakaszinas","27":"tag-top-stories","28":"tag-topstories","29":"tag-ukraina","30":"tag-zinas"},"share_on_mastodon":{"url":"","error":""},"_links":{"self":[{"href":"https:\/\/www.europesays.com\/lv\/wp-json\/wp\/v2\/posts\/12214","targetHints":{"allow":["GET"]}}],"collection":[{"href":"https:\/\/www.europesays.com\/lv\/wp-json\/wp\/v2\/posts"}],"about":[{"href":"https:\/\/www.europesays.com\/lv\/wp-json\/wp\/v2\/types\/post"}],"author":[{"embeddable":true,"href":"https:\/\/www.europesays.com\/lv\/wp-json\/wp\/v2\/users\/2"}],"replies":[{"embeddable":true,"href":"https:\/\/www.europesays.com\/lv\/wp-json\/wp\/v2\/comments?post=12214"}],"version-history":[{"count":0,"href":"https:\/\/www.europesays.com\/lv\/wp-json\/wp\/v2\/posts\/12214\/revisions"}],"wp:featuredmedia":[{"embeddable":true,"href":"https:\/\/www.europesays.com\/lv\/wp-json\/wp\/v2\/media\/12215"}],"wp:attachment":[{"href":"https:\/\/www.europesays.com\/lv\/wp-json\/wp\/v2\/media?parent=12214"}],"wp:term":[{"taxonomy":"category","embeddable":true,"href":"https:\/\/www.europesays.com\/lv\/wp-json\/wp\/v2\/categories?post=12214"},{"taxonomy":"post_tag","embeddable":true,"href":"https:\/\/www.europesays.com\/lv\/wp-json\/wp\/v2\/tags?post=12214"}],"curies":[{"name":"wp","href":"https:\/\/api.w.org\/{rel}","templated":true}]}}