{"id":12270,"date":"2025-10-04T12:45:10","date_gmt":"2025-10-04T12:45:10","guid":{"rendered":"https:\/\/www.europesays.com\/lv\/12270\/"},"modified":"2025-10-04T12:45:10","modified_gmt":"2025-10-04T12:45:10","slug":"sestdiena-lielakoties-bus-sausa-vela-vakara-valsti-sasniegs-nokrisnu-zona","status":"publish","type":"post","link":"https:\/\/www.europesays.com\/lv\/12270\/","title":{"rendered":"Sestdiena liel\u0101koties b\u016bs sausa; v\u0113l\u0101 vakar\u0101 valsti sasniegs nokri\u0161\u0146u zona"},"content":{"rendered":"<p class=\"lead mb-md-2 mb-1 js-tv3-orphus\">Sestdien dienas laik\u0101 laiks liel\u0101koties b\u016bs sauss, bet v\u0113l\u0101 vakar\u0101 valsti sasniegs nokri\u0161\u0146u zona, prognoz\u0113 Latvijas Vides, \u0123eolo\u0123ijas un meteorolo\u0123ijas centra sinopti\u0137i.\n<\/p>\n<p>Dienas laik\u0101 \u012bslaic\u012bgs lietus gaid\u0101ms tikai da\u017eviet. Tom\u0113r v\u0113l\u0101 vakar\u0101 no rietumiem valsti sasniegs nokri\u0161\u0146u zona.<\/p>\n<p>P\u016bt\u012bs m\u0113rens dienvidaustrumu, austrumu v\u0113j\u0161, kas no dienas vidus Kurzemes piekrast\u0113 pastiprin\u0101sies br\u0101zm\u0101s l\u012bdz 15-17 metriem sekund\u0113. Gaiss iesils l\u012bdz +9\u2026+13 gr\u0101diem.<\/p>\n","protected":false},"excerpt":{"rendered":"Sestdien dienas laik\u0101 laiks liel\u0101koties b\u016bs sauss, bet v\u0113l\u0101 vakar\u0101 valsti sasniegs nokri\u0161\u0146u zona, prognoz\u0113 Latvijas Vides, \u0123eolo\u0123ijas&hellip;\n","protected":false},"author":2,"featured_media":12271,"comment_status":"","ping_status":"","sticky":false,"template":"","format":"standard","meta":{"footnotes":""},"categories":[5],"tags":[23,28,29,32,33,22,152,30,31,35,39,38,36,37,34,40,20,26,27,24,25,21],"class_list":{"0":"post-12270","1":"post","2":"type-post","3":"status-publish","4":"format-standard","5":"has-post-thumbnail","7":"category-aktualitates","8":"tag-aktualitates","9":"tag-breaking-news","10":"tag-breakingnews","11":"tag-featured-news","12":"tag-featurednews","13":"tag-headlines","14":"tag-laika-prognoze","15":"tag-latest-news","16":"tag-latestnews","17":"tag-latvia","18":"tag-latvian","19":"tag-latviesu","20":"tag-latviesu-valoda","21":"tag-latviesuvaloda","22":"tag-latvija","23":"tag-lv","24":"tag-news","25":"tag-popularakas-zinas","26":"tag-popularakaszinas","27":"tag-top-stories","28":"tag-topstories","29":"tag-zinas"},"share_on_mastodon":{"url":"","error":""},"_links":{"self":[{"href":"https:\/\/www.europesays.com\/lv\/wp-json\/wp\/v2\/posts\/12270","targetHints":{"allow":["GET"]}}],"collection":[{"href":"https:\/\/www.europesays.com\/lv\/wp-json\/wp\/v2\/posts"}],"about":[{"href":"https:\/\/www.europesays.com\/lv\/wp-json\/wp\/v2\/types\/post"}],"author":[{"embeddable":true,"href":"https:\/\/www.europesays.com\/lv\/wp-json\/wp\/v2\/users\/2"}],"replies":[{"embeddable":true,"href":"https:\/\/www.europesays.com\/lv\/wp-json\/wp\/v2\/comments?post=12270"}],"version-history":[{"count":0,"href":"https:\/\/www.europesays.com\/lv\/wp-json\/wp\/v2\/posts\/12270\/revisions"}],"wp:featuredmedia":[{"embeddable":true,"href":"https:\/\/www.europesays.com\/lv\/wp-json\/wp\/v2\/media\/12271"}],"wp:attachment":[{"href":"https:\/\/www.europesays.com\/lv\/wp-json\/wp\/v2\/media?parent=12270"}],"wp:term":[{"taxonomy":"category","embeddable":true,"href":"https:\/\/www.europesays.com\/lv\/wp-json\/wp\/v2\/categories?post=12270"},{"taxonomy":"post_tag","embeddable":true,"href":"https:\/\/www.europesays.com\/lv\/wp-json\/wp\/v2\/tags?post=12270"}],"curies":[{"name":"wp","href":"https:\/\/api.w.org\/{rel}","templated":true}]}}