{"id":12312,"date":"2025-10-04T14:31:08","date_gmt":"2025-10-04T14:31:08","guid":{"rendered":"https:\/\/www.europesays.com\/lv\/12312\/"},"modified":"2025-10-04T14:31:08","modified_gmt":"2025-10-04T14:31:08","slug":"krievijas-droni-trapijusi-pasazieru-vilcienam-ukraina-cietusi-aptuveni-30-cilveki","status":"publish","type":"post","link":"https:\/\/www.europesays.com\/lv\/12312\/","title":{"rendered":"Krievijas droni tr\u0101p\u012bju\u0161i pasa\u017eieru vilcienam Ukrain\u0101 \u2013 cietu\u0161i aptuveni 30 cilv\u0113ki"},"content":{"rendered":"<p>Krievijas dronu uzbrukum\u0101 Ukrainas Sumu apgabala pils\u0113t\u0101 \u0160ostk\u0101 sestdienas priek\u0161pusdien\u0101 tr\u0101p\u012bts pasa\u017eieru vilcienam, kur\u0101 atrad\u0101s civiliedz\u012bvot\u0101ji. Ukrainas amatpersonas zi\u0146o, ka cietu\u0161i aptuveni 30 cilv\u0113ki, no kuriem vismaz asto\u0146i nog\u0101d\u0101ti slimn\u012bc\u0101.<\/p>\n<p>Saska\u0146\u0101 ar Sumu apgabala kara administr\u0101cijas vad\u012bt\u0101ja Oleha Hrihorova sniegto inform\u0101ciju trieciens noticis br\u012bd\u012b, kad mar\u0161ruta \u0160ostka\u2013Kijiva vilciens atradies stacij\u0101. <\/p>\n<p>Uzbrukums sk\u0101ris civil\u0101s infrastrukt\u016bras objektu, un p\u0113c pirm\u0101 trieciena sekojis atk\u0101rtots uzbrukums \u2013 br\u012bd\u012b, kad notikusi pasa\u017eieru evaku\u0101cija.<\/p>\n<blockquote><p>Ukrainas prezidents Volodimirs Zelenskis pazi\u0146ojum\u0101 platform\u0101 &#8220;Telegram&#8221; notiku\u0161o raksturoja k\u0101 brut\u0101lu terora aktu.<\/p><\/blockquote>\n<p>&#8220;Krievi nevar\u0113ja nezin\u0101t, ka vi\u0146i tr\u0101pa civiliedz\u012bvot\u0101jiem \u2013 tas ir t\u012brs terors, ko pasaule nedr\u012bkst ignor\u0113t,&#8221; uzsv\u0113ra Zelenskis.<\/p>\n<p>Vi\u0146\u0161 piebilda, ka &#8220;katru dienu Krievija laupa cilv\u0113ku dz\u012bv\u012bbas&#8221; un aicin\u0101ja Eiropas un ASV l\u012bderus p\u0101rv\u0113rst sol\u012bjumus re\u0101l\u0101 r\u012bc\u012bb\u0101: &#8220;Ar run\u0101\u0161anu vairs nepietiek \u2013 vajadz\u012bga stingra r\u012bc\u012bba.&#8221;<\/p>\n<blockquote><p>Ukrainas \u0123ener\u0101lprokurat\u016bra apstiprin\u0101jusi, ka uzbrukuma br\u012bd\u012b vilciens gaid\u012bjis atie\u0161anu no \u0160ostkas stacijas, un droni tr\u0101p\u012bju\u0161i tie\u0161i pasa\u017eieru vagonos. P\u0113c pirm\u0101 spr\u0101dziena, kad tika s\u0101kta cilv\u0113ku evaku\u0101cija, atk\u0101rtots trieciens tr\u0101p\u012bja citam vilcienam.<\/p><\/blockquote>\n<p>P\u0113d\u0113j\u0101 laik\u0101 Krievija b\u016btiski pastiprin\u0101jusi uzbrukumus Ukrainas dzelzce\u013ca infrastrukt\u016brai, \u012bpa\u0161i m\u0113r\u0137\u0113jot uz pasa\u017eieru un kravas p\u0101rvad\u0101jumu mezgliem.<br \/>Ukrainas amatpersonas notiku\u0161o raksturo k\u0101 k\u0101rt\u0113jo apliecin\u0101jumu tam, ka Krievijas milit\u0101rie uzbrukumi apzin\u0101ti tiek v\u0113rsti pret civilajiem objektiem.<\/p>\n<p>Lasi ar\u012b!<\/p>\n<p>&#13;<br \/>\n&#13;<br \/>\n<a target=\"_blank\" href=\"https:\/\/www.1188.lv\/zinas\/es-lideriem-nav-izdevies-vienoties-par-krievijas-aktivu-nodosanu-ukrainai\/55500\" rel=\"nofollow noopener\">ES l\u012bderiem nav izdevies vienoties par Krievijas akt\u012bvu nodo\u0161anu Ukrainai<\/a>&#13;<br \/>\n&#13;<br \/>\n<\/p>\n<p>&#13;<br \/>\n&#13;<br \/>\n<a target=\"_blank\" href=\"https:\/\/www.1188.lv\/zinas\/ukrainas-pretgaisa-aizsardziba-sprukas-krievu-raketes-spej-apiet-sistemas-patriot\/55471\" rel=\"nofollow noopener\">Ukrainas pretgaisa aizsardz\u012bba spruk\u0101s \u2013 krievu ra\u0137etes sp\u0113j apiet sist\u0113mas &#8220;Patriot&#8221;<\/a>&#13;<br \/>\n&#13;<br \/><\/p>\n","protected":false},"excerpt":{"rendered":"Krievijas dronu uzbrukum\u0101 Ukrainas Sumu apgabala pils\u0113t\u0101 \u0160ostk\u0101 sestdienas priek\u0161pusdien\u0101 tr\u0101p\u012bts pasa\u017eieru vilcienam, kur\u0101 atrad\u0101s civiliedz\u012bvot\u0101ji. Ukrainas amatpersonas&hellip;\n","protected":false},"author":2,"featured_media":12313,"comment_status":"","ping_status":"","sticky":false,"template":"","format":"standard","meta":{"footnotes":""},"categories":[14],"tags":[129,470,473,23,57,28,29,32,33,22,30,31,35,39,38,36,37,34,40,20,26,27,471,474,472,475,24,25,54,55,56,21,58],"class_list":{"0":"post-12312","1":"post","2":"type-post","3":"status-publish","4":"format-standard","5":"has-post-thumbnail","7":"category-zinas-no-arvalstim","8":"tag-__typenameadvicekeyword","9":"tag-id532","10":"tag-id549","11":"tag-aktualitates","12":"tag-arvalstim","13":"tag-breaking-news","14":"tag-breakingnews","15":"tag-featured-news","16":"tag-featurednews","17":"tag-headlines","18":"tag-latest-news","19":"tag-latestnews","20":"tag-latvia","21":"tag-latvian","22":"tag-latviesu","23":"tag-latviesu-valoda","24":"tag-latviesuvaloda","25":"tag-latvija","26":"tag-lv","27":"tag-news","28":"tag-popularakas-zinas","29":"tag-popularakaszinas","30":"tag-slugkars-ukraina","31":"tag-slugkrievijas-iebrukums-ukraina","32":"tag-titlekars-ukraina","33":"tag-titlekrievijas-iebrukums-ukraina","34":"tag-top-stories","35":"tag-topstories","36":"tag-world","37":"tag-world-news","38":"tag-worldnews","39":"tag-zinas","40":"tag-zinas-no-arvalstim"},"share_on_mastodon":{"url":"","error":""},"_links":{"self":[{"href":"https:\/\/www.europesays.com\/lv\/wp-json\/wp\/v2\/posts\/12312","targetHints":{"allow":["GET"]}}],"collection":[{"href":"https:\/\/www.europesays.com\/lv\/wp-json\/wp\/v2\/posts"}],"about":[{"href":"https:\/\/www.europesays.com\/lv\/wp-json\/wp\/v2\/types\/post"}],"author":[{"embeddable":true,"href":"https:\/\/www.europesays.com\/lv\/wp-json\/wp\/v2\/users\/2"}],"replies":[{"embeddable":true,"href":"https:\/\/www.europesays.com\/lv\/wp-json\/wp\/v2\/comments?post=12312"}],"version-history":[{"count":0,"href":"https:\/\/www.europesays.com\/lv\/wp-json\/wp\/v2\/posts\/12312\/revisions"}],"wp:featuredmedia":[{"embeddable":true,"href":"https:\/\/www.europesays.com\/lv\/wp-json\/wp\/v2\/media\/12313"}],"wp:attachment":[{"href":"https:\/\/www.europesays.com\/lv\/wp-json\/wp\/v2\/media?parent=12312"}],"wp:term":[{"taxonomy":"category","embeddable":true,"href":"https:\/\/www.europesays.com\/lv\/wp-json\/wp\/v2\/categories?post=12312"},{"taxonomy":"post_tag","embeddable":true,"href":"https:\/\/www.europesays.com\/lv\/wp-json\/wp\/v2\/tags?post=12312"}],"curies":[{"name":"wp","href":"https:\/\/api.w.org\/{rel}","templated":true}]}}