{"id":123149,"date":"2026-02-05T08:52:08","date_gmt":"2026-02-05T08:52:08","guid":{"rendered":"https:\/\/www.europesays.com\/lv\/123149\/"},"modified":"2026-02-05T08:52:08","modified_gmt":"2026-02-05T08:52:08","slug":"no-rigas-pasvaldibas-kapitalsabiedribam-atlaisti-vairaki-krievijas-un-baltkrievijas-pilsoni","status":"publish","type":"post","link":"https:\/\/www.europesays.com\/lv\/123149\/","title":{"rendered":"No R\u012bgas pa\u0161vald\u012bbas kapit\u0101lsabiedr\u012bb\u0101m atlaisti vair\u0101ki Krievijas un Baltkrievijas pilso\u0146i"},"content":{"rendered":"<p>Izpildot Nacion\u0101l\u0101 dro\u0161\u012bbas likuma pras\u012bbas, SIA &#8220;R\u012bgas \u016bdens&#8221; darba tiesisk\u0101s attiec\u012bbas izbeigusi ar pieciem Krievijas pilso\u0146iem.<\/p>\n<p>No tiem viens bija \u016bdensvada un kanaliz\u0101cijas t\u012bklu dienesta santehni\u0137is, bet \u010detri &#8211; Biolo\u0123isk\u0101s att\u012br\u012b\u0161anas stacijas &#8220;Daugavgr\u012bva&#8221; att\u012br\u012b\u0161anas iek\u0101rtu operatori, no kuriem viens bijis pensijas vecum\u0101.<\/p>\n<p>SIA &#8220;R\u012bgas siltums&#8221; ir identific\u0113jusi darbiniekus, uz kuriem attiecas likuma ierobe\u017eojumi. To skaits esot neliels. Attiec\u012bb\u0101 uz da\u017eiem darbiniekiem, kuri ir augsti kvalific\u0113ti speci\u0101listi in\u017eeniertehniskaj\u0101s jom\u0101s un nav \u0101tri aizvietojami, s\u0101ktas konsult\u0101cijas ar dro\u0161\u012bbas dienestiem, skaidroja pa\u0161vald\u012bb\u0101.<\/p>\n<p>Tikl\u012bdz b\u016bs pie\u0146emti gala l\u0113mumi, pa\u0161vald\u012bba sola sniegt inform\u0101ciju.<\/p>\n<p>Savuk\u0101rt R\u012bgas Dzemd\u012bbu nam\u0101 nav nodarbin\u0101ti Krievijas vai Baltkrievijas pilso\u0146i, R\u012bgas 2. slimn\u012bca v\u0113l apkopo inform\u0101ciju un t\u0101 b\u016bs pieejama v\u0113l\u0101k, savuk\u0101rt R\u012bgas 1. slimn\u012bca ir ambulatora iest\u0101de un nav kritisk\u0101s infrastrukt\u016bras objekts.<\/p>\n<p>Ar\u012b uz\u0146\u0113mumi &#8220;R\u012bgas satiksme&#8221; un &#8220;R\u012bgas me\u017ei&#8221; nav kvalific\u0113ti k\u0101 kritiski svar\u012bgs infrastrukt\u016bras objekts, l\u012bdz ar to neatbilst \u0161\u012b likuma pras\u012bb\u0101m.<\/p>\n","protected":false},"excerpt":{"rendered":"Izpildot Nacion\u0101l\u0101 dro\u0161\u012bbas likuma pras\u012bbas, SIA &#8220;R\u012bgas \u016bdens&#8221; darba tiesisk\u0101s attiec\u012bbas izbeigusi ar pieciem Krievijas pilso\u0146iem. No tiem&hellip;\n","protected":false},"author":2,"featured_media":123150,"comment_status":"","ping_status":"","sticky":false,"template":"","format":"standard","meta":{"footnotes":""},"categories":[5],"tags":[23,2416,28,29,32,33,22,234,30,31,35,39,38,36,37,34,40,20,1860,26,27,172,24,25,21],"class_list":{"0":"post-123149","1":"post","2":"type-post","3":"status-publish","4":"format-standard","5":"has-post-thumbnail","7":"category-aktualitates","8":"tag-aktualitates","9":"tag-baltkrievija","10":"tag-breaking-news","11":"tag-breakingnews","12":"tag-featured-news","13":"tag-featurednews","14":"tag-headlines","15":"tag-krievija","16":"tag-latest-news","17":"tag-latestnews","18":"tag-latvia","19":"tag-latvian","20":"tag-latviesu","21":"tag-latviesu-valoda","22":"tag-latviesuvaloda","23":"tag-latvija","24":"tag-lv","25":"tag-news","26":"tag-pasvaldibas","27":"tag-popularakas-zinas","28":"tag-popularakaszinas","29":"tag-riga","30":"tag-top-stories","31":"tag-topstories","32":"tag-zinas"},"share_on_mastodon":{"url":"https:\/\/pubeurope.com\/@lv\/116017177972125936","error":""},"_links":{"self":[{"href":"https:\/\/www.europesays.com\/lv\/wp-json\/wp\/v2\/posts\/123149","targetHints":{"allow":["GET"]}}],"collection":[{"href":"https:\/\/www.europesays.com\/lv\/wp-json\/wp\/v2\/posts"}],"about":[{"href":"https:\/\/www.europesays.com\/lv\/wp-json\/wp\/v2\/types\/post"}],"author":[{"embeddable":true,"href":"https:\/\/www.europesays.com\/lv\/wp-json\/wp\/v2\/users\/2"}],"replies":[{"embeddable":true,"href":"https:\/\/www.europesays.com\/lv\/wp-json\/wp\/v2\/comments?post=123149"}],"version-history":[{"count":0,"href":"https:\/\/www.europesays.com\/lv\/wp-json\/wp\/v2\/posts\/123149\/revisions"}],"wp:featuredmedia":[{"embeddable":true,"href":"https:\/\/www.europesays.com\/lv\/wp-json\/wp\/v2\/media\/123150"}],"wp:attachment":[{"href":"https:\/\/www.europesays.com\/lv\/wp-json\/wp\/v2\/media?parent=123149"}],"wp:term":[{"taxonomy":"category","embeddable":true,"href":"https:\/\/www.europesays.com\/lv\/wp-json\/wp\/v2\/categories?post=123149"},{"taxonomy":"post_tag","embeddable":true,"href":"https:\/\/www.europesays.com\/lv\/wp-json\/wp\/v2\/tags?post=123149"}],"curies":[{"name":"wp","href":"https:\/\/api.w.org\/{rel}","templated":true}]}}