{"id":12321,"date":"2025-10-04T15:09:07","date_gmt":"2025-10-04T15:09:07","guid":{"rendered":"https:\/\/www.europesays.com\/lv\/12321\/"},"modified":"2025-10-04T15:09:07","modified_gmt":"2025-10-04T15:09:07","slug":"krievija-izsaka-draudus-uzbrukt-23-apvienotas-karalistes-vietam-pieaug-bazas-par-treso-pasaules-karu","status":"publish","type":"post","link":"https:\/\/www.europesays.com\/lv\/12321\/","title":{"rendered":"Krievija izsaka draudus uzbrukt 23 Apvienot\u0101s Karalistes viet\u0101m, pieaug ba\u017eas par Tre\u0161o pasaules karu"},"content":{"rendered":"<p>P\u0113d\u0113jo m\u0113ne\u0161u laik\u0101 Polij\u0101 tika notriekti Krievijas droni, savuk\u0101rt <a href=\"https:\/\/www.apollo.lv\/term\/555452\/krievija\" class=\"topicLink\" target=\"_blank\" rel=\"nofollow noopener\">Krievija<\/a> tika aps\u016bdz\u0113ta Igaunijas gaisa telpas p\u0101rk\u0101p\u0161an\u0101 p\u0113c tam, kad tur tika paman\u012bti milit\u0101rie lidapar\u0101ti. Tas tikai pastiprin\u0101ja bailes par iesp\u0113jam\u0101 Tre\u0161\u0101 pasaules kara izcel\u0161anos.<\/p>\n<p>Krievijas \u0101rlietu ministrs Sergejs Lavrovs nesen noliedza Rietumu apgalvojumus, ka Putins p\u0101rbauda NATO gatav\u012bbu karam, sakot:<br \/>\u201ePrezidents Putins vair\u0101kk\u0101rt ir atsp\u0113kojis \u0161\u012bs provok\u0101cijas. Krievijai nekad nav biju\u0161i un nav \u0161\u0101di nodomi. Ta\u010du jebkura agresija pret m\u016bsu valsti tiks satikta ar izl\u0113m\u012bgu atbildi. Par to nedr\u012bkst b\u016bt nek\u0101du \u0161aubu ne NATO, ne ES rind\u0101s.\u201d<\/p>\n<p>Tom\u0113r Lavrova poz\u012bciju b\u016btiski sare\u017e\u0123\u012b t\u0101di cilv\u0113ki k\u0101 senators un karav\u012brs Dmitrijs Rogozins, k\u0101 ar\u012b telev\u012bzijas propagandists Vladimirs Solovjovs, kuri \u0161oned\u0113\u013c izteiku\u0161i satrauco\u0161us pazi\u0146ojumus par Lielbrit\u0101niju.<\/p>\n<p>Rogozins soci\u0101lajos t\u012bklos public\u0113ja karti, kur\u0101 iez\u012bm\u0113ti Lielbrit\u0101nijas aizsardz\u012bbas objekti k\u0101 potenci\u0101lie Krievijas m\u0113r\u0137i \u2014 to vid\u016b b\u0101zes Berov\u0101, Plimut\u0101 un Glazgov\u0101.<\/p>\n<p>Uz to rea\u0123\u0113jot, Solovjovs sac\u012bja: &#8220;Dmitrijs Rogozins \u0161odien atg\u0101din\u0101ja par m\u0113r\u0137iem Lielbrit\u0101nij\u0101, kurus var\u0113tu izn\u012bcin\u0101t pirmos. Idioti sa\u0146ems to, ko ir peln\u012bju\u0161i \u2014 vi\u0146i vienk\u0101r\u0161i sa\u0146ems to, kas vi\u0146iem pien\u0101kas.\u201d<\/p>\n","protected":false},"excerpt":{"rendered":"P\u0113d\u0113jo m\u0113ne\u0161u laik\u0101 Polij\u0101 tika notriekti Krievijas droni, savuk\u0101rt Krievija tika aps\u016bdz\u0113ta Igaunijas gaisa telpas p\u0101rk\u0101p\u0161an\u0101 p\u0113c tam,&hellip;\n","protected":false},"author":2,"featured_media":12322,"comment_status":"","ping_status":"","sticky":false,"template":"","format":"standard","meta":{"footnotes":""},"categories":[5],"tags":[23,4406,28,29,4407,32,33,22,234,30,31,35,39,38,36,37,34,40,20,26,27,24,25,21],"class_list":{"0":"post-12321","1":"post","2":"type-post","3":"status-publish","4":"format-standard","5":"has-post-thumbnail","7":"category-aktualitates","8":"tag-aktualitates","9":"tag-apvienota-karaliste","10":"tag-breaking-news","11":"tag-breakingnews","12":"tag-draudi","13":"tag-featured-news","14":"tag-featurednews","15":"tag-headlines","16":"tag-krievija","17":"tag-latest-news","18":"tag-latestnews","19":"tag-latvia","20":"tag-latvian","21":"tag-latviesu","22":"tag-latviesu-valoda","23":"tag-latviesuvaloda","24":"tag-latvija","25":"tag-lv","26":"tag-news","27":"tag-popularakas-zinas","28":"tag-popularakaszinas","29":"tag-top-stories","30":"tag-topstories","31":"tag-zinas"},"share_on_mastodon":{"url":"","error":""},"_links":{"self":[{"href":"https:\/\/www.europesays.com\/lv\/wp-json\/wp\/v2\/posts\/12321","targetHints":{"allow":["GET"]}}],"collection":[{"href":"https:\/\/www.europesays.com\/lv\/wp-json\/wp\/v2\/posts"}],"about":[{"href":"https:\/\/www.europesays.com\/lv\/wp-json\/wp\/v2\/types\/post"}],"author":[{"embeddable":true,"href":"https:\/\/www.europesays.com\/lv\/wp-json\/wp\/v2\/users\/2"}],"replies":[{"embeddable":true,"href":"https:\/\/www.europesays.com\/lv\/wp-json\/wp\/v2\/comments?post=12321"}],"version-history":[{"count":0,"href":"https:\/\/www.europesays.com\/lv\/wp-json\/wp\/v2\/posts\/12321\/revisions"}],"wp:featuredmedia":[{"embeddable":true,"href":"https:\/\/www.europesays.com\/lv\/wp-json\/wp\/v2\/media\/12322"}],"wp:attachment":[{"href":"https:\/\/www.europesays.com\/lv\/wp-json\/wp\/v2\/media?parent=12321"}],"wp:term":[{"taxonomy":"category","embeddable":true,"href":"https:\/\/www.europesays.com\/lv\/wp-json\/wp\/v2\/categories?post=12321"},{"taxonomy":"post_tag","embeddable":true,"href":"https:\/\/www.europesays.com\/lv\/wp-json\/wp\/v2\/tags?post=12321"}],"curies":[{"name":"wp","href":"https:\/\/api.w.org\/{rel}","templated":true}]}}