{"id":12333,"date":"2025-10-04T15:21:12","date_gmt":"2025-10-04T15:21:12","guid":{"rendered":"https:\/\/www.europesays.com\/lv\/12333\/"},"modified":"2025-10-04T15:21:12","modified_gmt":"2025-10-04T15:21:12","slug":"publicets-video-ka-ukraina-uzbruka-vienai-no-lielakajam-krievijas-naftas-parstrades-rupnicam","status":"publish","type":"post","link":"https:\/\/www.europesays.com\/lv\/12333\/","title":{"rendered":"Public\u0113ts video, k\u0101 Ukraina uzbruka vienai no liel\u0101kaj\u0101m Krievijas naftas p\u0101rstr\u0101des r\u016bpn\u012bc\u0101m"},"content":{"rendered":"<p>P\u0113c Krievijas &#8220;Telegram&#8221; kan\u0101lu un apgabala gubernatora Aleksandra Drozdenko sniegt\u0101s inform\u0101cijas, r\u016bpnieciskaj\u0101 zon\u0101 izc\u0113lies ugunsgr\u0113ks, kura dz\u0113\u0161anai tika piesaist\u012bti operat\u012bvie dienesti.<\/p>\n<blockquote class=\"quote ck-widget\" contenteditable=\"false\">\n<p>Drozdenko apgalvo, ka Krievijas pretgaisa aizsardz\u012bba it k\u0101 notriekusi septi\u0146us ienaidnieka dronus.<\/p>\n<\/blockquote>\n<p>Viet\u0113jie iedz\u012bvot\u0101ji soci\u0101lajos t\u012bklos zi\u0146oja, ka r\u016bpn\u012bca bijusi galvenais uzbrukuma m\u0113r\u0137is. Aculiecinieki st\u0101st\u012bja, ka uz\u0146\u0113mum\u0101 notiku\u0161i vismaz \u010detri tr\u0101p\u012bjumi.<\/p>\n<p>Jau zi\u0146ots, ka Ukrai\u0146u lidroboti devu\u0161i triecienu ar\u012b naftas p\u0101rstr\u0101des r\u016bpn\u012bcai Orenburgas apgabal\u0101, kas atrodas 1400 kilometru att\u0101lum\u0101, pav\u0113st\u012bju\u0161i avoti Ukrainas armij\u0101.<\/p>\n<p>T\u0101las darb\u012bbas uzbrukuma lidroboti izrais\u012bju\u0161i ugunsgr\u0113ku Orskas naftas p\u0101rstr\u0101des r\u016bpn\u012bc\u0101, kas ir viena no liel\u0101kaj\u0101m Krievij\u0101.<\/p>\n<p>Taj\u0101 ir \u010detras naftas pirmreiz\u0113j\u0101s p\u0101rstr\u0101des iek\u0101rtas, kuru kop\u0113j\u0101 jauda ir 6,6 miljoni tonnu gad\u0101.<\/p>\n<p>R\u016bpn\u012bca ra\u017eo 30 da\u017e\u0101dus produktus, taj\u0101 skait\u0101 benz\u012bnu, d\u012bze\u013cdegvielu, sm\u0113rvielas, reakt\u012bvo lidma\u0161\u012bnu degvielu, bitumu un mazutu.<\/p>\n<p>R\u016bpn\u012bc\u0101 izsludin\u0101ta evaku\u0101cija, bet Orskas varasiest\u0101des aicin\u0101ju\u0161as nepak\u013cauties panikai.<\/p>\n<p>Avots Ukrainas armij\u0101 piebilda, ka ukrai\u0146u lidrobotu uzlidojumu rezult\u0101t\u0101 jau 40% Krievijas naftas p\u0101rstr\u0101des r\u016bpn\u012bcu atrodas d\u012bkst\u0101v\u0113.<\/p>\n","protected":false},"excerpt":{"rendered":"P\u0113c Krievijas &#8220;Telegram&#8221; kan\u0101lu un apgabala gubernatora Aleksandra Drozdenko sniegt\u0101s inform\u0101cijas, r\u016bpnieciskaj\u0101 zon\u0101 izc\u0113lies ugunsgr\u0113ks, kura dz\u0113\u0161anai tika&hellip;\n","protected":false},"author":2,"featured_media":12334,"comment_status":"","ping_status":"","sticky":false,"template":"","format":"standard","meta":{"footnotes":""},"categories":[5],"tags":[23,28,29,32,33,22,234,74,30,31,35,39,38,36,37,34,40,2421,20,26,27,24,25,276,21],"class_list":{"0":"post-12333","1":"post","2":"type-post","3":"status-publish","4":"format-standard","5":"has-post-thumbnail","7":"category-aktualitates","8":"tag-aktualitates","9":"tag-breaking-news","10":"tag-breakingnews","11":"tag-featured-news","12":"tag-featurednews","13":"tag-headlines","14":"tag-krievija","15":"tag-krievijas-iebrukums-ukraina","16":"tag-latest-news","17":"tag-latestnews","18":"tag-latvia","19":"tag-latvian","20":"tag-latviesu","21":"tag-latviesu-valoda","22":"tag-latviesuvaloda","23":"tag-latvija","24":"tag-lv","25":"tag-nafta","26":"tag-news","27":"tag-popularakas-zinas","28":"tag-popularakaszinas","29":"tag-top-stories","30":"tag-topstories","31":"tag-ukraina","32":"tag-zinas"},"share_on_mastodon":{"url":"","error":""},"_links":{"self":[{"href":"https:\/\/www.europesays.com\/lv\/wp-json\/wp\/v2\/posts\/12333","targetHints":{"allow":["GET"]}}],"collection":[{"href":"https:\/\/www.europesays.com\/lv\/wp-json\/wp\/v2\/posts"}],"about":[{"href":"https:\/\/www.europesays.com\/lv\/wp-json\/wp\/v2\/types\/post"}],"author":[{"embeddable":true,"href":"https:\/\/www.europesays.com\/lv\/wp-json\/wp\/v2\/users\/2"}],"replies":[{"embeddable":true,"href":"https:\/\/www.europesays.com\/lv\/wp-json\/wp\/v2\/comments?post=12333"}],"version-history":[{"count":0,"href":"https:\/\/www.europesays.com\/lv\/wp-json\/wp\/v2\/posts\/12333\/revisions"}],"wp:featuredmedia":[{"embeddable":true,"href":"https:\/\/www.europesays.com\/lv\/wp-json\/wp\/v2\/media\/12334"}],"wp:attachment":[{"href":"https:\/\/www.europesays.com\/lv\/wp-json\/wp\/v2\/media?parent=12333"}],"wp:term":[{"taxonomy":"category","embeddable":true,"href":"https:\/\/www.europesays.com\/lv\/wp-json\/wp\/v2\/categories?post=12333"},{"taxonomy":"post_tag","embeddable":true,"href":"https:\/\/www.europesays.com\/lv\/wp-json\/wp\/v2\/tags?post=12333"}],"curies":[{"name":"wp","href":"https:\/\/api.w.org\/{rel}","templated":true}]}}