{"id":12335,"date":"2025-10-04T15:22:08","date_gmt":"2025-10-04T15:22:08","guid":{"rendered":"https:\/\/www.europesays.com\/lv\/12335\/"},"modified":"2025-10-04T15:22:08","modified_gmt":"2025-10-04T15:22:08","slug":"rekordskaits-dziesmu-pieteikts-latvijas-eirovizijas-atlase-supernova-lente-lv-2","status":"publish","type":"post","link":"https:\/\/www.europesays.com\/lv\/12335\/","title":{"rendered":"Rekordskaits dziesmu pieteikts Latvijas Eirov\u012bzijas atlas\u0113 &#8220;Supernova&#8221;\u00a0\u2014\u00a0Lente.lv"},"content":{"rendered":"<p>Latvijas cer\u012bbas Eirov\u012bzijai: &#8220;Supernova&#8221; sa\u0146em rekordlielu pieteikumu skaitu<\/p>\n<p>\u0160ogad Latvijas nacion\u0101lajai atlasei uz Eirov\u012bzijas dziesmu konkursu, &#8220;Supernovai&#8221;, pieteikts rekordliels dziesmu skaits \u2013 124.<\/p>\n<p>Tas ir iev\u0113rojami vair\u0101k nek\u0101 iepriek\u0161\u0113jos gados, apliecinot augo\u0161o interesi par iesp\u0113ju p\u0101rst\u0101v\u0113t Latviju starptautiskaj\u0101 m\u016bzikas aprit\u0113. \u0160is iespaid\u012bgais pieteikumu skaits liecina par bag\u0101t\u012bgu rado\u0161o potenci\u0101lu Latvijas m\u016bzikas vid\u0113 un sp\u0113c\u012bgu v\u0113lmi dal\u012bties ar savu dai\u013cradi pasaules m\u0113rog\u0101.<\/p>\n<p>Ce\u013c\u0161 uz Eirov\u012bziju \u2013 spraigs un interesants<\/p>\n<p>Konkurss &#8220;Supernova&#8221; ir k\u013cuvis par noz\u012bm\u012bgu platformu, kur\u0101 tiek mekl\u0113ti talanti, kas sp\u0113tu aizraut gan Latvijas, gan starptautisko auditoriju. Pieteikto dziesmu atlase notiks r\u016bp\u012bgi, un \u017e\u016brijai b\u016bs j\u0101izv\u0113las lab\u0101k\u0101s no lab\u0101kaj\u0101m. Fin\u0101l\u0101 iek\u013cuvu\u0161ie dal\u012bbnieki ne tikai c\u012bn\u012bsies par uzvaru &#8220;Supernov\u0101&#8221;, bet ar\u012b par iesp\u0113ju p\u0101rst\u0101v\u0113t Latviju Eirov\u012bzijas dziesmu konkurs\u0101. Pag\u0101ju\u0161aj\u0101 gad\u0101 Latviju Eirov\u012bzij\u0101 p\u0101rst\u0101v\u0113ja grupa &#8220;Tautumeitas&#8221; ar dziesmu &#8220;Bur man laimi&#8221;, iek\u013c\u016bstot konkursa fin\u0101l\u0101 un ierindojoties 13. viet\u0101, kas ir viens no lab\u0101kajiem Latvijas rezult\u0101tiem kop\u0161 2015. gada.<\/p>\n<p>Konkursa &#8220;Supernova&#8221; intriga<\/p>\n<p>&#8220;Supernova&#8221; ne tikai pied\u0101v\u0101 jaunu m\u016bziku, bet ar\u012b rada aizraujo\u0161u skat\u012bt\u0101ju pieredzi. Pusfin\u0101ls un fin\u0101ls, kas notiks attiec\u012bgi 1. un 8. febru\u0101r\u012b, sol\u0101s b\u016bt spraigi un neaizmirstami pas\u0101kumi. Tiek prognoz\u0113ts, ka konkursa uzvar\u0113t\u0101js tiks noteikts, balsojot gan \u017e\u016brijai, gan skat\u012bt\u0101jiem, kas pie\u0161\u0137ir papildu intrigu un demokr\u0101tisku procesu dziesmas izv\u0113l\u0113. Iepriek\u0161\u0113j\u0101 gada Eirov\u012bzijas p\u0101rraides sasniedza rekordaugstus skat\u012bt\u0101ju reitingus vis\u0101 pasaul\u0113, kas apliecina \u0161\u012b pas\u0101kuma glob\u0101lo noz\u012bmi un pievilc\u012bbu.<\/p>\n","protected":false},"excerpt":{"rendered":"Latvijas cer\u012bbas Eirov\u012bzijai: &#8220;Supernova&#8221; sa\u0146em rekordlielu pieteikumu skaitu \u0160ogad Latvijas nacion\u0101lajai atlasei uz Eirov\u012bzijas dziesmu konkursu, &#8220;Supernovai&#8221;, pieteikts&hellip;\n","protected":false},"author":2,"featured_media":12336,"comment_status":"","ping_status":"","sticky":false,"template":"","format":"standard","meta":{"footnotes":""},"categories":[19],"tags":[4356,492,89,90,35,39,38,36,37,34,40,932,3926],"class_list":{"0":"post-12335","1":"post","2":"type-post","3":"status-publish","4":"format-standard","5":"has-post-thumbnail","7":"category-izklaide","8":"tag-dziesmu-atlase","9":"tag-eirovizija","10":"tag-entertainment","11":"tag-izklaide","12":"tag-latvia","13":"tag-latvian","14":"tag-latviesu","15":"tag-latviesu-valoda","16":"tag-latviesuvaloda","17":"tag-latvija","18":"tag-lv","19":"tag-muzikas-konkurss","20":"tag-supernova"},"share_on_mastodon":{"url":"","error":""},"_links":{"self":[{"href":"https:\/\/www.europesays.com\/lv\/wp-json\/wp\/v2\/posts\/12335","targetHints":{"allow":["GET"]}}],"collection":[{"href":"https:\/\/www.europesays.com\/lv\/wp-json\/wp\/v2\/posts"}],"about":[{"href":"https:\/\/www.europesays.com\/lv\/wp-json\/wp\/v2\/types\/post"}],"author":[{"embeddable":true,"href":"https:\/\/www.europesays.com\/lv\/wp-json\/wp\/v2\/users\/2"}],"replies":[{"embeddable":true,"href":"https:\/\/www.europesays.com\/lv\/wp-json\/wp\/v2\/comments?post=12335"}],"version-history":[{"count":0,"href":"https:\/\/www.europesays.com\/lv\/wp-json\/wp\/v2\/posts\/12335\/revisions"}],"wp:featuredmedia":[{"embeddable":true,"href":"https:\/\/www.europesays.com\/lv\/wp-json\/wp\/v2\/media\/12336"}],"wp:attachment":[{"href":"https:\/\/www.europesays.com\/lv\/wp-json\/wp\/v2\/media?parent=12335"}],"wp:term":[{"taxonomy":"category","embeddable":true,"href":"https:\/\/www.europesays.com\/lv\/wp-json\/wp\/v2\/categories?post=12335"},{"taxonomy":"post_tag","embeddable":true,"href":"https:\/\/www.europesays.com\/lv\/wp-json\/wp\/v2\/tags?post=12335"}],"curies":[{"name":"wp","href":"https:\/\/api.w.org\/{rel}","templated":true}]}}