{"id":123626,"date":"2026-02-05T18:55:04","date_gmt":"2026-02-05T18:55:04","guid":{"rendered":"https:\/\/www.europesays.com\/lv\/123626\/"},"modified":"2026-02-05T18:55:04","modified_gmt":"2026-02-05T18:55:04","slug":"kamaninu-brauceja-bota-uzvar-otraja-olimpiskaja-treninbrauciena-olimpiskas-speles-2026-sportacentrs-com","status":"publish","type":"post","link":"https:\/\/www.europesays.com\/lv\/123626\/","title":{"rendered":"Kamani\u0146u brauc\u0113ja Bota uzvar otraj\u0101 olimpiskaj\u0101 treni\u0146braucien\u0101 \u2013 Olimpisk\u0101s sp\u0113les 2026 \u2013 Sportacentrs.com"},"content":{"rendered":"<p>Pirmaj\u0101 treni\u0146braucien\u0101 \u0101tr\u0101k\u0101 bija m\u0101jiniece Sandra Roba\u010dere, kura Pasaules kausa sezonas kopv\u0113rt\u0113jum\u0101 ie\u0146em tikai 17. vietu (divus no septi\u0146iem posmiem gan izlaidusi) un par nepilnu simtda\u013cu apsteidza v\u0101cietes Annu Berraiteri un Merli Fr\u0113beli. Pirmais asto\u0146nieks bija \u013coti bl\u012bvs, un taj\u0101 iek\u013cuva ar\u012b abas latvietes \u2013 piekt\u0101 bija Bota, l\u012bderei zaud\u0113jot 0.120 sekundes un tikai par t\u016bksto\u0161da\u013cu piek\u0101pjoties austrietei Hannai Prokai, bet astot\u0101 0.040 sekundes aiz tautietes bija Kendija Aparjode.<\/p>\n<p>Otraj\u0101 treni\u0146braucien\u0101 Bota uzr\u0101d\u012bja vis\u0101tr\u0101ko laiku, par vair\u0101k nek\u0101 sekundes desmitda\u013cu apsteidzot otro vietu dal\u012bju\u0161o Berraiteri un m\u0101jinieci Ver\u0113nu Hoferi. Pirm\u0101 brauciena uzvar\u0113t\u0101jai Roba\u010derei \u0161oreiz piektais laiks. Sezonas l\u012bdere Liza \u0160ulte no Austrijas treni\u0146braucienos ie\u0146\u0113ma 6. un 10. vietu, bet kopv\u0113rt\u0113juma vicel\u012bdere Taubica bija 10. un 4. Aparjodei otraj\u0101 braucien\u0101 22. vieta.<\/p>\n<p>Ned\u0113\u013cas nogal\u0113 d\u0101mas aizvad\u012bs v\u0113l \u010detrus treni\u0146braucienus, bet <a href=\"https:\/\/sportacentrs.com\/olimpiskas_speles_2026\" rel=\"nofollow noopener\" target=\"_blank\">olimpisk\u0101s sacens\u012bbas<\/a> vi\u0146as s\u0101ks pirmdien plkst. 18.00 p\u0113c Latvijas laika. Sezonas kopv\u0113rt\u0113jum\u0101 Botai ir 9., bet Aparjodei &#8211; 12. vieta.<\/p>\n<p>Pirmais treni\u0146brauciens<\/p>\n<tr>VKamani\u0146u brauc\u0113jaValstsLaiks<\/tr>\n<tr class=\"even\">\n<td>1.<\/td>\n<td>Sandra Roba\u010dere<\/td>\n<td>It\u0101lija<\/td>\n<td class=\"ralign\">53.553<\/td>\n<\/tr>\n<tr class=\"odd\">\n<td>2.<\/td>\n<td>Anna Berraitere<\/td>\n<td>V\u0101cija<\/td>\n<td class=\"ralign\">+0.063<\/td>\n<\/tr>\n<tr class=\"even\">\n<td>3.<\/td>\n<td>Merle Fr\u0113bele<\/td>\n<td>V\u0101cija<\/td>\n<td class=\"ralign\">+0.083<\/td>\n<\/tr>\n<tr class=\"odd\">\n<td>4.<\/td>\n<td>Hanna Proka<\/td>\n<td>Austrija<\/td>\n<td class=\"ralign\">+0.119<\/td>\n<\/tr>\n<tr class=\"even\">\n<td>5.<\/td>\n<td>El\u012bna Bota<\/td>\n<td>Latvija<\/td>\n<td class=\"ralign\">+0.120<\/td>\n<\/tr>\n<tr class=\"odd\">\n<td>6.<\/td>\n<td>Liza \u0160ulte<\/td>\n<td>Austrija<\/td>\n<td class=\"ralign\">+0.142<\/td>\n<\/tr>\n<tr class=\"even\">\n<td>7.<\/td>\n<td>Ver\u0113na Hofere<\/td>\n<td>It\u0101lija<\/td>\n<td class=\"ralign\">+0.153<\/td>\n<\/tr>\n<tr class=\"odd\">\n<td>8.<\/td>\n<td>Kendija Aparjode<\/td>\n<td>Latvija<\/td>\n<td class=\"ralign\">+0.160<\/td>\n<\/tr>\n<tr class=\"even\">\n<td>9.<\/td>\n<td>Emilija Fi\u0161nallere<\/td>\n<td>ASV<\/td>\n<td class=\"ralign\">+0.267<\/td>\n<\/tr>\n<tr class=\"odd\">\n<td>10.<\/td>\n<td>J\u016blija Taubica<\/td>\n<td>V\u0101cija<\/td>\n<td class=\"ralign\">+0.276<\/td>\n<\/tr>\n<p>Otrais treni\u0146brauciens<\/p>\n<tr>VKamani\u0146u brauc\u0113jaValstsLaiks<\/tr>\n<tr class=\"even\">\n<td>1.<\/td>\n<td>El\u012bna Bota<\/td>\n<td>Latvija<\/td>\n<td class=\"ralign\">53.541<\/td>\n<\/tr>\n<tr class=\"odd\">\n<td>2.<\/td>\n<td>Anna Berraitere<\/td>\n<td>V\u0101cija<\/td>\n<td class=\"ralign\">+0.106<\/td>\n<\/tr>\n<tr class=\"even\">\n<td\/>\n<td>Ver\u0113na Hofere<\/td>\n<td>It\u0101lija<\/td>\n<td class=\"ralign\">+0.106<\/td>\n<\/tr>\n<tr class=\"odd\">\n<td>4.<\/td>\n<td>J\u016blija Taubica<\/td>\n<td>V\u0101cija<\/td>\n<td class=\"ralign\">+0.114<\/td>\n<\/tr>\n<tr class=\"even\">\n<td>5.<\/td>\n<td>Sandra Roba\u010dere<\/td>\n<td>It\u0101lija<\/td>\n<td class=\"ralign\">+0.119<\/td>\n<\/tr>\n<tr class=\"odd\">\n<td>22.<\/td>\n<td>Kendija Aparjode<\/td>\n<td>Latvija<\/td>\n<td class=\"ralign\">+1.865<\/td>\n<\/tr>\n<p>Abos treni\u0146braucienos piedal\u012bj\u0101s 25 sportistes<\/p>\n<p>Izmantotie resursi:<br \/><a target=\"_blank\" href=\"https:\/\/www.olympics.com\/en\/milano-cortina-2026\/results\/lug\/w\/singles-----------\/trno\/000100--\/race-result\" rel=\"nofollow noopener\">https:\/\/www.olympics.com\/en\/milano-&#8230;<\/a><\/p>\n","protected":false},"excerpt":{"rendered":"Pirmaj\u0101 treni\u0146braucien\u0101 \u0101tr\u0101k\u0101 bija m\u0101jiniece Sandra Roba\u010dere, kura Pasaules kausa sezonas kopv\u0113rt\u0113jum\u0101 ie\u0146em tikai 17. vietu (divus no&hellip;\n","protected":false},"author":2,"featured_media":123627,"comment_status":"","ping_status":"","sticky":false,"template":"","format":"standard","meta":{"footnotes":""},"categories":[5],"tags":[23,28,29,32,33,22,30,31,35,39,38,36,37,34,40,20,26,27,24,25,21],"class_list":{"0":"post-123626","1":"post","2":"type-post","3":"status-publish","4":"format-standard","5":"has-post-thumbnail","7":"category-aktualitates","8":"tag-aktualitates","9":"tag-breaking-news","10":"tag-breakingnews","11":"tag-featured-news","12":"tag-featurednews","13":"tag-headlines","14":"tag-latest-news","15":"tag-latestnews","16":"tag-latvia","17":"tag-latvian","18":"tag-latviesu","19":"tag-latviesu-valoda","20":"tag-latviesuvaloda","21":"tag-latvija","22":"tag-lv","23":"tag-news","24":"tag-popularakas-zinas","25":"tag-popularakaszinas","26":"tag-top-stories","27":"tag-topstories","28":"tag-zinas"},"share_on_mastodon":{"url":"https:\/\/pubeurope.com\/@lv\/116019548789431578","error":""},"_links":{"self":[{"href":"https:\/\/www.europesays.com\/lv\/wp-json\/wp\/v2\/posts\/123626","targetHints":{"allow":["GET"]}}],"collection":[{"href":"https:\/\/www.europesays.com\/lv\/wp-json\/wp\/v2\/posts"}],"about":[{"href":"https:\/\/www.europesays.com\/lv\/wp-json\/wp\/v2\/types\/post"}],"author":[{"embeddable":true,"href":"https:\/\/www.europesays.com\/lv\/wp-json\/wp\/v2\/users\/2"}],"replies":[{"embeddable":true,"href":"https:\/\/www.europesays.com\/lv\/wp-json\/wp\/v2\/comments?post=123626"}],"version-history":[{"count":0,"href":"https:\/\/www.europesays.com\/lv\/wp-json\/wp\/v2\/posts\/123626\/revisions"}],"wp:featuredmedia":[{"embeddable":true,"href":"https:\/\/www.europesays.com\/lv\/wp-json\/wp\/v2\/media\/123627"}],"wp:attachment":[{"href":"https:\/\/www.europesays.com\/lv\/wp-json\/wp\/v2\/media?parent=123626"}],"wp:term":[{"taxonomy":"category","embeddable":true,"href":"https:\/\/www.europesays.com\/lv\/wp-json\/wp\/v2\/categories?post=123626"},{"taxonomy":"post_tag","embeddable":true,"href":"https:\/\/www.europesays.com\/lv\/wp-json\/wp\/v2\/tags?post=123626"}],"curies":[{"name":"wp","href":"https:\/\/api.w.org\/{rel}","templated":true}]}}