{"id":12393,"date":"2025-10-04T17:13:07","date_gmt":"2025-10-04T17:13:07","guid":{"rendered":"https:\/\/www.europesays.com\/lv\/12393\/"},"modified":"2025-10-04T17:13:07","modified_gmt":"2025-10-04T17:13:07","slug":"video-%e2%9f%a9-tbilisi-notiek-plasi-protesti-policija-pielieto-asaru-gazi","status":"publish","type":"post","link":"https:\/\/www.europesays.com\/lv\/12393\/","title":{"rendered":"VIDEO \u27e9 Tbilisi notiek pla\u0161i protesti; policija pielieto asaru g\u0101zi"},"content":{"rendered":"<p>Gruzij\u0101 sestdien notiek pa\u0161vald\u012bbu v\u0113l\u0113\u0161anas, kuras opoz\u012bcija raksturo, k\u0101 p\u0113d\u0113jo iesp\u0113ju protest\u0113t, lai gl\u0101btu demokr\u0101tiju.<\/p>\n<p>Liela da\u013ca no opoz\u012bcijas v\u0113l\u0113\u0161anas boikot\u0113, bet akt\u012bvisti un citas opoz\u012bcijas grupas organiz\u0113 protestus Tbilisi ar m\u0113r\u0137i &#8220;mierm\u012bl\u012bgi g\u0101zt vald\u012bbu&#8221;, kas m\u0113ne\u0161iem ilgi veikusi reidus neatkar\u012bgajos pla\u0161sazi\u0146as l\u012bdzek\u013cos, ieviesusi pilsonisko sabiedr\u012bbu ierobe\u017eojo\u0161us likumus un ieslodz\u012bjusi desmitiem oponentu un akt\u012bvistu.<\/p>\n<p>Gruzijas premjerministrs un valdo\u0161\u0101s partijas &#8220;Gruzijas sapnis&#8221; l\u012bderis Iraklijs Kobahidze aicin\u0101ja tautie\u0161us attur\u0113ties no pretlikum\u012bg\u0101m darb\u012bb\u0101m v\u0113l\u0113\u0161anu dien\u0101.<\/p>\n","protected":false},"excerpt":{"rendered":"Gruzij\u0101 sestdien notiek pa\u0161vald\u012bbu v\u0113l\u0113\u0161anas, kuras opoz\u012bcija raksturo, k\u0101 p\u0113d\u0113jo iesp\u0113ju protest\u0113t, lai gl\u0101btu demokr\u0101tiju. Liela da\u013ca no&hellip;\n","protected":false},"author":2,"featured_media":12394,"comment_status":"","ping_status":"","sticky":false,"template":"","format":"standard","meta":{"footnotes":""},"categories":[14],"tags":[23,57,28,29,32,33,3507,22,30,31,35,39,38,36,37,34,40,20,26,27,4204,24,25,54,55,56,21,58],"class_list":{"0":"post-12393","1":"post","2":"type-post","3":"status-publish","4":"format-standard","5":"has-post-thumbnail","7":"category-zinas-no-arvalstim","8":"tag-aktualitates","9":"tag-arvalstim","10":"tag-breaking-news","11":"tag-breakingnews","12":"tag-featured-news","13":"tag-featurednews","14":"tag-gruzija","15":"tag-headlines","16":"tag-latest-news","17":"tag-latestnews","18":"tag-latvia","19":"tag-latvian","20":"tag-latviesu","21":"tag-latviesu-valoda","22":"tag-latviesuvaloda","23":"tag-latvija","24":"tag-lv","25":"tag-news","26":"tag-popularakas-zinas","27":"tag-popularakaszinas","28":"tag-protesti","29":"tag-top-stories","30":"tag-topstories","31":"tag-world","32":"tag-world-news","33":"tag-worldnews","34":"tag-zinas","35":"tag-zinas-no-arvalstim"},"share_on_mastodon":{"url":"","error":""},"_links":{"self":[{"href":"https:\/\/www.europesays.com\/lv\/wp-json\/wp\/v2\/posts\/12393","targetHints":{"allow":["GET"]}}],"collection":[{"href":"https:\/\/www.europesays.com\/lv\/wp-json\/wp\/v2\/posts"}],"about":[{"href":"https:\/\/www.europesays.com\/lv\/wp-json\/wp\/v2\/types\/post"}],"author":[{"embeddable":true,"href":"https:\/\/www.europesays.com\/lv\/wp-json\/wp\/v2\/users\/2"}],"replies":[{"embeddable":true,"href":"https:\/\/www.europesays.com\/lv\/wp-json\/wp\/v2\/comments?post=12393"}],"version-history":[{"count":0,"href":"https:\/\/www.europesays.com\/lv\/wp-json\/wp\/v2\/posts\/12393\/revisions"}],"wp:featuredmedia":[{"embeddable":true,"href":"https:\/\/www.europesays.com\/lv\/wp-json\/wp\/v2\/media\/12394"}],"wp:attachment":[{"href":"https:\/\/www.europesays.com\/lv\/wp-json\/wp\/v2\/media?parent=12393"}],"wp:term":[{"taxonomy":"category","embeddable":true,"href":"https:\/\/www.europesays.com\/lv\/wp-json\/wp\/v2\/categories?post=12393"},{"taxonomy":"post_tag","embeddable":true,"href":"https:\/\/www.europesays.com\/lv\/wp-json\/wp\/v2\/tags?post=12393"}],"curies":[{"name":"wp","href":"https:\/\/api.w.org\/{rel}","templated":true}]}}