{"id":124018,"date":"2026-02-06T08:07:07","date_gmt":"2026-02-06T08:07:07","guid":{"rendered":"https:\/\/www.europesays.com\/lv\/124018\/"},"modified":"2026-02-06T08:07:07","modified_gmt":"2026-02-06T08:07:07","slug":"doncics-pamet-laukumu-traumas-del-warriors-vel-bez-porzinga-gust-uzvaru-par-suns","status":"publish","type":"post","link":"https:\/\/www.europesays.com\/lv\/124018\/","title":{"rendered":"Don\u010di\u010ds pamet laukumu traumas d\u0113\u013c, &#8220;Warriors&#8221; v\u0113l bez Porzi\u0146\u0123a g\u016bst uzvaru p\u0101r &#8220;Suns&#8221;"},"content":{"rendered":"<p>                                    <img decoding=\"async\" src=\"https:\/\/www.europesays.com\/lv\/wp-content\/uploads\/2026\/02\/screenshot-3406-750x450.png\"   alt=\"Luka Don\u010di\u010ds\" class=\"post-featured-image\"\/><\/p>\n<p>Luka Don\u010di\u010ds | Foto: Ekr\u0101n\u0161\u0101vi\u0146\u0161<\/p>\n<p>Aizvad\u012btaj\u0101 nakt\u012b Nacion\u0101laj\u0101 basketbola asoci\u0101cij\u0101 (<a href=\"https:\/\/www.sportazinas.com\/kategorija\/basketbols\/nba\/\" rel=\"nofollow noopener\" target=\"_blank\">NBA<\/a>) Losand\u017eelosas \u201cLakers\u201d ar rezult\u0101tu <a href=\"https:\/\/www.espn.com\/nba\/boxscore\/_\/gameId\/401810595\" target=\"_blank\" rel=\"noreferrer noopener nofollow\">119:115<\/a> p\u0101rsp\u0113ja Filadelfijas \u201c76ers\u201d vien\u012bbu.<\/p>\n<p>Satrauco\u0161u mirki \u201cLakers\u201d piedz\u012bvoja otraj\u0101 ceturtda\u013c\u0101, kad paceles c\u012bpslas traumas d\u0113\u013c ma\u010du bija spiests pamest l\u012bderis Luka Don\u010di\u010ds. Pagaid\u0101m nav zin\u0101ms, cik savainojums ir nopietns, bet vien\u012bbas galvenais treneris D\u017eonatans \u201cJJ\u201d Rediks p\u0113c c\u012b\u0146as atzina, ka slov\u0113\u0146u zvaigzne sajutis s\u0101pes paceles c\u012bpsl\u0101 un vi\u0146am tiks veiktas padzi\u013cin\u0101tas p\u0101rbaudes.<\/p>\n<p>Rezultat\u012bv\u0101kais \u201cLakers\u201d rind\u0101s bija nesen traumu sadzied\u0113ju\u0161ais Ostins R\u012bvzs, kur\u0161 izc\u0113l\u0101s ar 35 punktiem un se\u0161\u0101m atl\u0113ku\u0161aj\u0101m bumb\u0101m. Vi\u0146am ar 17 punktiem un 10 rezultat\u012bv\u0101m piesp\u0113l\u0113m pal\u012bdz\u0113ja Lebrons D\u017eeimss, kuram gan ar\u012b asto\u0146as pie\u013cautas k\u013c\u016bdas. Tikm\u0113r \u201c76ers\u201d sast\u0101v\u0101 veiksm\u012bg\u0101kais bija \u017doels Emb\u012bds, kur\u0161 c\u012b\u0146u nosl\u0113dza ar 35 punktiem, septi\u0146\u0101m bumb\u0101m zem groziem un septi\u0146\u0101m rezultat\u012bv\u0101m piesp\u0113l\u0113m.<\/p>\n<p>Cit\u0101 ma\u010d\u0101 Goldensteitas \u201cWarriors\u201d v\u0113l bez mai\u0146as dar\u012bjum\u0101 ieg\u016bt\u0101 Kristapa Porzi\u0146\u0123a ar 101:97 apsp\u0113l\u0113ja F\u012bniksas \u201cSuns\u201d. Nesp\u0113l\u0113jot ar\u012b Stefanam Karijam, \u201cWarriors\u201d pan\u0101kumu kaldin\u0101ja Pets Spensers, kur\u0161 atz\u012bm\u0113j\u0101s ar 20 punktiem un se\u0161\u0101m atl\u0113ku\u0161aj\u0101m bumb\u0101m, bet 18 punktus un septi\u0146as rezultat\u012bvas piesp\u0113les pievienoja Gui Santo\u0161s. Pretiniekiem 24 punkti un se\u0161as bumbas zem groziem Dilonam Bruksam.<\/p>\n<p>V\u0113l vien\u0101 duel\u012b Sanantonio \u201cSpurs\u201d ar 135:123 guva virsroku p\u0101r Dalasas \u201cMavericks\u201d. \u201cSpurs\u201d sast\u0101v\u0101 k\u0101 ierasts lab\u0101kais bija Viktors Vembanjama, kur\u0161 iekr\u0101ja 29 punktus, 11 atl\u0113ku\u0161\u0101s bumbas un se\u0161as rezultat\u012bvas piesp\u0113les. Savuk\u0101rt \u201cMavericks\u201d rind\u0101s rezultat\u012bv\u0101kais bija cits jaunais talants K\u016bpers Flegs, kuram 32 punkti un se\u0161as bumbas zem groziem, bet tikpat punktus sameta ar\u012b Nad\u017ei M\u0101r\u0161als.<\/p>\n<p style=\"font-size:30px\">NBA rezult\u0101ti<\/p>\n<p>Losand\u017eelosas \u201cLakers\u201d \u2013 Filadelfijas \u201c76ers\u201d 119:115 <\/p>\n<p>F\u012bniksas \u201cSuns\u201d \u2013 Goldensteitas \u201cWarriors\u201d 97:101 <\/p>\n<p>Dalasas \u201cMavericks\u201d \u2013 Sanantonio \u201cSpurs\u201d 123:135 <\/p>\n<p>Hj\u016bstonas \u201cRockets\u201d \u2013 \u0160arlotas \u201cHornets\u201d 99:109<\/p>\n<p>Atlantas \u201cHawks\u201d \u2013 J\u016btas \u201cJazz\u201d 121:119 <\/p>\n<p>Toronto \u201cRaptors\u201d \u2013 \u010cik\u0101gas \u201cBulls\u201d 123:107 <\/p>\n<p>Detroitas \u201cPistons\u201d \u2013 Va\u0161ingtonas \u201cWizards\u201d 117:126 <\/p>\n<p>Orlando \u201cMagic\u201d \u2013 Bruklinas \u201cNets\u201d 118:98 <\/p>\n","protected":false},"excerpt":{"rendered":"Luka Don\u010di\u010ds | Foto: Ekr\u0101n\u0161\u0101vi\u0146\u0161 Aizvad\u012btaj\u0101 nakt\u012b Nacion\u0101laj\u0101 basketbola asoci\u0101cij\u0101 (NBA) Losand\u017eelosas \u201cLakers\u201d ar rezult\u0101tu 119:115 p\u0101rsp\u0113ja Filadelfijas&hellip;\n","protected":false},"author":2,"featured_media":124019,"comment_status":"","ping_status":"","sticky":false,"template":"","format":"standard","meta":{"footnotes":""},"categories":[17],"tags":[35,39,38,36,37,34,40,67],"class_list":{"0":"post-124018","1":"post","2":"type-post","3":"status-publish","4":"format-standard","5":"has-post-thumbnail","7":"category-sports","8":"tag-latvia","9":"tag-latvian","10":"tag-latviesu","11":"tag-latviesu-valoda","12":"tag-latviesuvaloda","13":"tag-latvija","14":"tag-lv","15":"tag-sports"},"share_on_mastodon":{"url":"https:\/\/pubeurope.com\/@lv\/116022663153542305","error":""},"_links":{"self":[{"href":"https:\/\/www.europesays.com\/lv\/wp-json\/wp\/v2\/posts\/124018","targetHints":{"allow":["GET"]}}],"collection":[{"href":"https:\/\/www.europesays.com\/lv\/wp-json\/wp\/v2\/posts"}],"about":[{"href":"https:\/\/www.europesays.com\/lv\/wp-json\/wp\/v2\/types\/post"}],"author":[{"embeddable":true,"href":"https:\/\/www.europesays.com\/lv\/wp-json\/wp\/v2\/users\/2"}],"replies":[{"embeddable":true,"href":"https:\/\/www.europesays.com\/lv\/wp-json\/wp\/v2\/comments?post=124018"}],"version-history":[{"count":0,"href":"https:\/\/www.europesays.com\/lv\/wp-json\/wp\/v2\/posts\/124018\/revisions"}],"wp:featuredmedia":[{"embeddable":true,"href":"https:\/\/www.europesays.com\/lv\/wp-json\/wp\/v2\/media\/124019"}],"wp:attachment":[{"href":"https:\/\/www.europesays.com\/lv\/wp-json\/wp\/v2\/media?parent=124018"}],"wp:term":[{"taxonomy":"category","embeddable":true,"href":"https:\/\/www.europesays.com\/lv\/wp-json\/wp\/v2\/categories?post=124018"},{"taxonomy":"post_tag","embeddable":true,"href":"https:\/\/www.europesays.com\/lv\/wp-json\/wp\/v2\/tags?post=124018"}],"curies":[{"name":"wp","href":"https:\/\/api.w.org\/{rel}","templated":true}]}}