{"id":124020,"date":"2026-02-06T08:09:15","date_gmt":"2026-02-06T08:09:15","guid":{"rendered":"https:\/\/www.europesays.com\/lv\/124020\/"},"modified":"2026-02-06T08:09:15","modified_gmt":"2026-02-06T08:09:15","slug":"jelgava-top-ledus-skulpturas-2","status":"publish","type":"post","link":"https:\/\/www.europesays.com\/lv\/124020\/","title":{"rendered":"Jelgav\u0101 top ledus skulpt\u016bras"},"content":{"rendered":"<p class=\"lead\">\n                                \u0160aj\u0101 ned\u0113\u013cas nogal\u0113 sestdien un sv\u0113tdien Jelgava aicina uz 27. Starptautisko ledus skulpt\u016bru festiv\u0101lu ar pla\u0161u programmu.\n                            <\/p>\n<p><img decoding=\"async\" class=\"img-fluid mb-3\" loading=\"lazy\" src=\"https:\/\/www.europesays.com\/lv\/wp-content\/uploads\/2026\/02\/202602052131536984f029f0571.jpg\" alt=\"Starptautiskajam ledus skulpt\u016bru festiv\u0101lam Jelgav\u0101 pavisam top 30 konkursa skulpt\u016bras: 10 komandu darbi un 20 individu\u0101lie m\u0101kslas objekti.\"\/><\/p>\n<p>\n                Jelgav\u0101 top ledus skulpt\u016bras\n            <\/p>\n<p>\n                \u0160aj\u0101 ned\u0113\u013cas nogal\u0113 sestdien un sv\u0113tdien Jelgava aicina uz 27. Starptautisko ledus skulpt\u016bru festiv\u0101lu ar pla\u0161u programmu.\n            <\/p>\n<p>\n                                Starptautiskajam ledus skulpt\u016bru festiv\u0101lam Jelgav\u0101 pavisam top 30 konkursa skulpt\u016bras: 10 komandu darbi un 20 individu\u0101lie m\u0101kslas objekti.\n                            <\/p>\n<p>K\u0101 inform\u0113 Jelgavas pa\u0161vald\u012bbas iest\u0101de &#8220;Kult\u016bra&#8221;, Starptautiskais ledus skulpt\u016bru festiv\u0101ls ir viens no liel\u0101kajiem \u0161\u0101da veida festiv\u0101liem Baltijas valst\u012bs, tas ik gadu Jelgav\u0101 pulc\u0113 starptautiski atz\u012btus ledus t\u0113lniekus un pied\u0101v\u0101 apmekl\u0113t\u0101jiem unik\u0101lu iesp\u0113ju pieredz\u0113t m\u0101kslu, kur\u0101 savijas meistar\u012bba, rado\u0161ums un gaismas sp\u0113les. \u0160\u012b gada festiv\u0101la t\u0113ma ir &#8220;Il\u016bzijas sp\u0113ks&#8221;. Divdesmit t\u0113lnieki no 12 valst\u012bm \u2013 Argent\u012bnas, Indon\u0113zijas, Polijas, Mongolijas, N\u012bderlandes, Ukrainas, Sp\u0101nijas, Somijas, V\u0101cijas, Igaunijas, Lietuvas un Latvijas \u2013 Jelgavas Pasta sal\u0101 str\u0101d\u0101 jau kop\u0161 2. febru\u0101ra, ledus blokus p\u0101rv\u0113r\u0161ot par m\u0101kslas darbiem. To, kas b\u016bs san\u0101cis, apmekl\u0113t\u0101ji var\u0113s nov\u0113rt\u0113t 7. un 8. febru\u0101r\u012b no pulksten 11 l\u012bdz 22.<\/p>\n<p>L\u012bdztekus konkursa skulpt\u016br\u0101m apmekl\u0113t\u0101jus priec\u0113s ar\u012b citi ledus objekti \u2013 interakt\u012bvas fotoskulpt\u016bras Pasta sal\u0101 un J\u0101\u0146a \u010cakstes bulv\u0101r\u012b, k\u0101 ar\u012b ledus atrakcijas un sp\u0113les slidotav\u0101.<\/p>\n<p> Aptauja <\/p>\n<p> Cik svar\u012bgi jums ir \u017eurn\u0101listu un ekspertu koment\u0101ri\/viedok\u013ci, ko pied\u0101v\u0101 LASI.LV? <\/p>\n<p class=\"paragraph-muted\">Izv\u0113lies savu soct\u012bklu platformu, lai sekotu LASI.LV: <a href=\"https:\/\/www.facebook.com\/portals.lasi.lv\" target=\"_blank\" rel=\"noopener noreferrer nofollow\">Facebook<\/a>, <a href=\"https:\/\/twitter.com\/lasilvportals\" target=\"_blank\" rel=\"noopener noreferrer nofollow\">X<\/a>, <a href=\"https:\/\/bsky.app\/profile\/lasilv.bsky.social\" target=\"_blank\" rel=\"noopener noreferrer nofollow\">Bluesky<\/a>, <a href=\"https:\/\/www.draugiem.lv\/lasilv\/?pg=4\" target=\"_blank\" rel=\"noopener noreferrer nofollow\">Draugiem<\/a>, <a href=\"https:\/\/www.threads.com\/@lasilv_zinas\" rel=\"nofollow noopener\" target=\"_blank\">Threads<\/a> vai ar\u012b <a href=\"https:\/\/www.instagram.com\/lasilv_zinas\/\" target=\"_blank\" rel=\"noopener noreferrer nofollow\">Instagram<\/a>. Pievienojies m\u016bsu las\u012bt\u0101ju pulkam, lai sa\u0146emtu \u012bpa\u0161i tev atlas\u012btu noder\u012bgu, praktisku un aktu\u0101lu saturu.\u00a0<\/p>\n<p style=\"margin-left:auto;\">Pieraksties LASI.LV redaktora v\u0113stkopai <a href=\"https:\/\/lasi.lv\/vestkopa\/lasi-lv-galvena-redaktora-vestkopa\" rel=\"nofollow noopener\" target=\"_blank\">\u0161eit<\/a>.<\/p>\n<p>Pieraksties v\u0113stkopai un divas reizes ned\u0113\u013c\u0101 sa\u0146em padzi\u013cin\u0101tu LASI.LV galven\u0101 redaktora aktu\u0101lo zi\u0146u, kompetentu viedok\u013cu un interesant\u0101ko interviju apkopojumu.<\/p>\n<p>Ko tu sa\u0146emsi:<\/p>\n<ul>\n<li>Daudzveid\u012bgus koment\u0101rus un kompetentus Latvijas Mediju \u017eurn\u0101listu un autoru viedok\u013cus par aktu\u0101lo<\/li>\n<li>Ekspertu koment\u0101rus par da\u017e\u0101diem praktiskiem, noder\u012bgiem tematiem<\/li>\n<li>Aizraujo\u0161us materi\u0101lus par v\u0113sturi, psiholo\u0123iju, kult\u016bru<\/li>\n<li>Gata \u0160\u013c\u016bkas karikat\u016bru<\/li>\n<li>Tav\u0101 e-pasta kast\u012bt\u0113 katru ceturtdienu<\/li>\n<\/ul>\n<p style=\"margin-left:auto;\">\u00a0<\/p>\n<p><script async src=\"https:\/\/platform.twitter.com\/widgets.js\" charset=\"utf-8\"><\/script><script async src=\"\/\/www.instagram.com\/embed.js\"><\/script><\/p>\n","protected":false},"excerpt":{"rendered":"\u0160aj\u0101 ned\u0113\u013cas nogal\u0113 sestdien un sv\u0113tdien Jelgava aicina uz 27. Starptautisko ledus skulpt\u016bru festiv\u0101lu ar pla\u0161u programmu. Jelgav\u0101&hellip;\n","protected":false},"author":2,"featured_media":123692,"comment_status":"","ping_status":"","sticky":false,"template":"","format":"standard","meta":{"footnotes":""},"categories":[14],"tags":[23,57,28,29,32,33,22,30,31,35,39,38,36,37,34,40,20,26,27,24,25,54,55,56,21,58],"class_list":{"0":"post-124020","1":"post","2":"type-post","3":"status-publish","4":"format-standard","5":"has-post-thumbnail","7":"category-zinas-no-arvalstim","8":"tag-aktualitates","9":"tag-arvalstim","10":"tag-breaking-news","11":"tag-breakingnews","12":"tag-featured-news","13":"tag-featurednews","14":"tag-headlines","15":"tag-latest-news","16":"tag-latestnews","17":"tag-latvia","18":"tag-latvian","19":"tag-latviesu","20":"tag-latviesu-valoda","21":"tag-latviesuvaloda","22":"tag-latvija","23":"tag-lv","24":"tag-news","25":"tag-popularakas-zinas","26":"tag-popularakaszinas","27":"tag-top-stories","28":"tag-topstories","29":"tag-world","30":"tag-world-news","31":"tag-worldnews","32":"tag-zinas","33":"tag-zinas-no-arvalstim"},"share_on_mastodon":{"url":"https:\/\/pubeurope.com\/@lv\/116022670960390454","error":""},"_links":{"self":[{"href":"https:\/\/www.europesays.com\/lv\/wp-json\/wp\/v2\/posts\/124020","targetHints":{"allow":["GET"]}}],"collection":[{"href":"https:\/\/www.europesays.com\/lv\/wp-json\/wp\/v2\/posts"}],"about":[{"href":"https:\/\/www.europesays.com\/lv\/wp-json\/wp\/v2\/types\/post"}],"author":[{"embeddable":true,"href":"https:\/\/www.europesays.com\/lv\/wp-json\/wp\/v2\/users\/2"}],"replies":[{"embeddable":true,"href":"https:\/\/www.europesays.com\/lv\/wp-json\/wp\/v2\/comments?post=124020"}],"version-history":[{"count":0,"href":"https:\/\/www.europesays.com\/lv\/wp-json\/wp\/v2\/posts\/124020\/revisions"}],"wp:featuredmedia":[{"embeddable":true,"href":"https:\/\/www.europesays.com\/lv\/wp-json\/wp\/v2\/media\/123692"}],"wp:attachment":[{"href":"https:\/\/www.europesays.com\/lv\/wp-json\/wp\/v2\/media?parent=124020"}],"wp:term":[{"taxonomy":"category","embeddable":true,"href":"https:\/\/www.europesays.com\/lv\/wp-json\/wp\/v2\/categories?post=124020"},{"taxonomy":"post_tag","embeddable":true,"href":"https:\/\/www.europesays.com\/lv\/wp-json\/wp\/v2\/tags?post=124020"}],"curies":[{"name":"wp","href":"https:\/\/api.w.org\/{rel}","templated":true}]}}