{"id":124027,"date":"2026-02-06T08:15:05","date_gmt":"2026-02-06T08:15:05","guid":{"rendered":"https:\/\/www.europesays.com\/lv\/124027\/"},"modified":"2026-02-06T08:15:05","modified_gmt":"2026-02-06T08:15:05","slug":"krievija-ukrainu-grib-parverst-par-vel-vienu-baltkrieviju","status":"publish","type":"post","link":"https:\/\/www.europesays.com\/lv\/124027\/","title":{"rendered":"Krievija Ukrainu grib p\u0101rv\u0113rst par v\u0113l vienu Baltkrieviju"},"content":{"rendered":"<p>Vien\u012bgais variants, ko <a href=\"https:\/\/www.apollo.lv\/term\/555452\/krievija\" class=\"topicLink\" target=\"_blank\" rel=\"nofollow noopener\">Krievija<\/a> ir &#8220;gatava uzskat\u012bt par ilgtermi\u0146a, m\u016b\u017e\u012bgu kaimi\u0146u&#8221;, ir draudz\u012bga <a href=\"https:\/\/www.apollo.lv\/term\/8497\/ukraina\" class=\"topicLink\" target=\"_blank\" rel=\"nofollow noopener\">Ukraina<\/a>, kas ne vienm\u0113r ir sabiedrot\u0101, bet ir neitr\u0101la un labv\u0113l\u012bga, RT kl\u0101st\u012bja Lavrovs.<\/p>\n<p>Ministra pazi\u0146ojums sniedz nor\u0101di uz papildu pras\u012bb\u0101m, kas iestr\u0101d\u0101tas Krievijas s\u0101kotn\u0113j\u0101 pras\u012bb\u0101 p\u0113c Ukrainas neitralit\u0101tes, un nor\u0101da, ka Krievija cen\u0161as p\u0101rv\u0113rst Ukrainu par marione\u0161u valsti, pat ja t\u0101 fiziski nekontrol\u0113 visu Ukrainas teritoriju, pau\u017e ISW eksperti.<\/p>\n<p>Lavrova pras\u012bba, lai p\u0113ckara Ukraina b\u016btu draudz\u012bga un labv\u0113l\u012bga, noz\u012bm\u0113, ka Krieviju apmierin\u0101s tikai t\u0101da Ukraina, ko vad\u012bs prokrieviski noska\u0146ota vald\u012bba, kas \u012bstenos prokrievisku politiku, uzsver ISW.<\/p>\n<p>&#8220;Krievija, visticam\u0101k, cen\u0161as Ukrainu p\u0101rv\u0113rst par v\u0113l vienu Baltkrieviju, ko Krievija ir &#8220;de facto&#8221; anekt\u0113jusi, lai gan Baltkrievija ir saglab\u0101jusi savas robe\u017eas un vald\u012bbu,&#8221; teikts ISW publik\u0101cij\u0101.<\/p>\n<p>Lavrovs atkal noraid\u012bja Rietumu dro\u0161\u012bbas garantijas Ukrainai. Vi\u0146\u0161 ar\u012b noraid\u012bja iesp\u0113ju izbeigt uguni l\u012bdz gal\u012bg\u0101 miera risin\u0101juma nosl\u0113g\u0161anai, sakot, ka Rietumi izmantotu \u0161\u0101du pamieru, lai pieg\u0101d\u0101tu Ukrainai iero\u010dus.<\/p>\n<p>K\u0101 nor\u0101da ISW, Krem\u013ca amatpersonas p\u0113d\u0113jos m\u0113ne\u0161os ir atk\u0101rtoju\u0161as to pa\u0161u retoriku par Rietumu dro\u0161\u012bbas garantij\u0101m, konsekventi saucot \u0161\u0101das garantijas par Krievijai nepie\u0146emam\u0101m un d\u0113v\u0113jot \u0101rvalstu karasp\u0113ka izvieto\u0161anu Ukrain\u0101 par le\u0123it\u012bmiem Krievijas m\u0113r\u0137iem.<\/p>\n<p>&#8220;Tom\u0113r tagad <a href=\"https:\/\/www.apollo.lv\/term\/570701\/kremlis\" class=\"topicLink\" target=\"_blank\" rel=\"nofollow noopener\">Kremlis<\/a>, \u0161\u0137iet, cen\u0161as atrast jaunus argumentus, lai noraid\u012btu Rietumu dro\u0161\u012bbas garantijas un p\u0101rliecin\u0101tu <a href=\"https:\/\/www.apollo.lv\/term\/555410\/asv\" class=\"topicLink\" target=\"_blank\" rel=\"nofollow noopener\">ASV<\/a> un Eiropu nepiekrist t\u0101m, visticam\u0101k, ASV, Ukrainai un Eiropai tuvojoties vieno\u0161an\u0101s nosl\u0113g\u0161anai,&#8221; rezum\u0113 ISW anal\u012bti\u0137i.<\/p>\n","protected":false},"excerpt":{"rendered":"Vien\u012bgais variants, ko Krievija ir &#8220;gatava uzskat\u012bt par ilgtermi\u0146a, m\u016b\u017e\u012bgu kaimi\u0146u&#8221;, ir draudz\u012bga Ukraina, kas ne vienm\u0113r ir&hellip;\n","protected":false},"author":2,"featured_media":124028,"comment_status":"","ping_status":"","sticky":false,"template":"","format":"standard","meta":{"footnotes":""},"categories":[14],"tags":[23,57,292,28,29,32,33,22,11056,234,74,30,31,35,39,38,36,37,34,40,20,26,27,24,25,276,54,55,56,21,58],"class_list":{"0":"post-124027","1":"post","2":"type-post","3":"status-publish","4":"format-standard","5":"has-post-thumbnail","7":"category-zinas-no-arvalstim","8":"tag-aktualitates","9":"tag-arvalstim","10":"tag-asv","11":"tag-breaking-news","12":"tag-breakingnews","13":"tag-featured-news","14":"tag-featurednews","15":"tag-headlines","16":"tag-kremlis","17":"tag-krievija","18":"tag-krievijas-iebrukums-ukraina","19":"tag-latest-news","20":"tag-latestnews","21":"tag-latvia","22":"tag-latvian","23":"tag-latviesu","24":"tag-latviesu-valoda","25":"tag-latviesuvaloda","26":"tag-latvija","27":"tag-lv","28":"tag-news","29":"tag-popularakas-zinas","30":"tag-popularakaszinas","31":"tag-top-stories","32":"tag-topstories","33":"tag-ukraina","34":"tag-world","35":"tag-world-news","36":"tag-worldnews","37":"tag-zinas","38":"tag-zinas-no-arvalstim"},"share_on_mastodon":{"url":"https:\/\/pubeurope.com\/@lv\/116022694530517853","error":""},"_links":{"self":[{"href":"https:\/\/www.europesays.com\/lv\/wp-json\/wp\/v2\/posts\/124027","targetHints":{"allow":["GET"]}}],"collection":[{"href":"https:\/\/www.europesays.com\/lv\/wp-json\/wp\/v2\/posts"}],"about":[{"href":"https:\/\/www.europesays.com\/lv\/wp-json\/wp\/v2\/types\/post"}],"author":[{"embeddable":true,"href":"https:\/\/www.europesays.com\/lv\/wp-json\/wp\/v2\/users\/2"}],"replies":[{"embeddable":true,"href":"https:\/\/www.europesays.com\/lv\/wp-json\/wp\/v2\/comments?post=124027"}],"version-history":[{"count":0,"href":"https:\/\/www.europesays.com\/lv\/wp-json\/wp\/v2\/posts\/124027\/revisions"}],"wp:featuredmedia":[{"embeddable":true,"href":"https:\/\/www.europesays.com\/lv\/wp-json\/wp\/v2\/media\/124028"}],"wp:attachment":[{"href":"https:\/\/www.europesays.com\/lv\/wp-json\/wp\/v2\/media?parent=124027"}],"wp:term":[{"taxonomy":"category","embeddable":true,"href":"https:\/\/www.europesays.com\/lv\/wp-json\/wp\/v2\/categories?post=124027"},{"taxonomy":"post_tag","embeddable":true,"href":"https:\/\/www.europesays.com\/lv\/wp-json\/wp\/v2\/tags?post=124027"}],"curies":[{"name":"wp","href":"https:\/\/api.w.org\/{rel}","templated":true}]}}