{"id":124029,"date":"2026-02-06T08:17:06","date_gmt":"2026-02-06T08:17:06","guid":{"rendered":"https:\/\/www.europesays.com\/lv\/124029\/"},"modified":"2026-02-06T08:17:06","modified_gmt":"2026-02-06T08:17:06","slug":"italija-atklas-25-ziemas-olimpiskas-speles","status":"publish","type":"post","link":"https:\/\/www.europesays.com\/lv\/124029\/","title":{"rendered":"It\u0101lij\u0101 atkl\u0101s 25. ziemas olimpisk\u0101s sp\u0113les"},"content":{"rendered":"<p>Jaunumiem, rezult\u0101tiem un sacens\u012bbu kalend\u0101ram seko l\u012bdzi Apollo sada\u013c\u0101 <a target=\"_blank\" rel=\"noopener noreferrer nofollow\" href=\"https:\/\/www.apollo.lv\/section\/6563\">&#8220;Mil\u0101na-Kort\u012bna 2026&#8221;<\/a>.<\/p>\n<p>Ceremonija Mil\u0101n\u0101 &#8220;San Siro&#8221; stadion\u0101 s\u0101ksies plkst. 21 p\u0113c Latvijas laika. Tie\u0161raid\u0113 to var\u0113s v\u0113rot kan\u0101l\u0101 LTV7.<\/p>\n<p>V\u0113l tr\u012bs ceremonijas vienlaikus tiks aizvad\u012btas Kort\u012bn\u0101 d&#8217;Ampeco, Livinjo un Predaco.<\/p>\n<p>Latvijas deleg\u0101cijas karognes\u0113js atkl\u0101\u0161anas ceremonij\u0101 Mil\u0101n\u0101 b\u016bs hokejists <a href=\"https:\/\/www.apollo.lv\/term\/557156\/kaspars-daugavins\" class=\"topicLink\" target=\"_blank\" rel=\"nofollow noopener\">Kaspars Daugavi\u0146\u0161<\/a>, bet Kort\u012bn\u0101 &#8211; kalnu sl\u0113pot\u0101ja <a href=\"https:\/\/www.apollo.lv\/term\/737916\/dzenifera-germane\" class=\"topicLink\" target=\"_blank\" rel=\"nofollow noopener\">D\u017eenifera \u0122\u0113rmane<\/a>.<\/p>\n<p>Mil\u0101nas un Kort\u012bnas <a href=\"https:\/\/www.apollo.lv\/term\/557014\/olimpiskas-speles\" class=\"topicLink\" target=\"_blank\" rel=\"nofollow noopener\">olimpisk\u0101s sp\u0113les<\/a> norisin\u0101sies l\u012bdz 22. febru\u0101rim.<\/p>\n<p>Latvijas deleg\u0101cij\u0101 b\u016bs 68 sportisti, kas ir visu laiku liel\u0101k\u0101 p\u0101rst\u0101vniec\u012bba ziemas olimpiskaj\u0101s sp\u0113l\u0113s. Jau tagad zin\u0101ms, ka traumas d\u0113\u013c nestart\u0113s bobsleja pilots Ren\u0101rs Granti\u0146\u0161, t\u0101d\u0113j\u0101di sacens\u012bb\u0101s nepiedal\u012bsies ar\u012b v\u0113l da\u017ei bobsleja ekip\u0101\u017eu st\u016bm\u0113ji.<\/p>\n","protected":false},"excerpt":{"rendered":"Jaunumiem, rezult\u0101tiem un sacens\u012bbu kalend\u0101ram seko l\u012bdzi Apollo sada\u013c\u0101 &#8220;Mil\u0101na-Kort\u012bna 2026&#8221;. Ceremonija Mil\u0101n\u0101 &#8220;San Siro&#8221; stadion\u0101 s\u0101ksies plkst.&hellip;\n","protected":false},"author":2,"featured_media":124030,"comment_status":"","ping_status":"","sticky":false,"template":"","format":"standard","meta":{"footnotes":""},"categories":[5],"tags":[23,28,29,13689,32,33,22,1535,30,31,35,39,38,36,37,34,2108,40,20,1500,26,27,24,25,527,21],"class_list":{"0":"post-124029","1":"post","2":"type-post","3":"status-publish","4":"format-standard","5":"has-post-thumbnail","7":"category-aktualitates","8":"tag-aktualitates","9":"tag-breaking-news","10":"tag-breakingnews","11":"tag-dzenifera-germane","12":"tag-featured-news","13":"tag-featurednews","14":"tag-headlines","15":"tag-kaspars-daugavins","16":"tag-latest-news","17":"tag-latestnews","18":"tag-latvia","19":"tag-latvian","20":"tag-latviesu","21":"tag-latviesu-valoda","22":"tag-latviesuvaloda","23":"tag-latvija","24":"tag-latvija-olimpiskajas-speles","25":"tag-lv","26":"tag-news","27":"tag-olimpiskas-speles","28":"tag-popularakas-zinas","29":"tag-popularakaszinas","30":"tag-top-stories","31":"tag-topstories","32":"tag-ziemas-olimpiskas-speles","33":"tag-zinas"},"share_on_mastodon":{"url":"https:\/\/pubeurope.com\/@lv\/116022702627491762","error":""},"_links":{"self":[{"href":"https:\/\/www.europesays.com\/lv\/wp-json\/wp\/v2\/posts\/124029","targetHints":{"allow":["GET"]}}],"collection":[{"href":"https:\/\/www.europesays.com\/lv\/wp-json\/wp\/v2\/posts"}],"about":[{"href":"https:\/\/www.europesays.com\/lv\/wp-json\/wp\/v2\/types\/post"}],"author":[{"embeddable":true,"href":"https:\/\/www.europesays.com\/lv\/wp-json\/wp\/v2\/users\/2"}],"replies":[{"embeddable":true,"href":"https:\/\/www.europesays.com\/lv\/wp-json\/wp\/v2\/comments?post=124029"}],"version-history":[{"count":0,"href":"https:\/\/www.europesays.com\/lv\/wp-json\/wp\/v2\/posts\/124029\/revisions"}],"wp:featuredmedia":[{"embeddable":true,"href":"https:\/\/www.europesays.com\/lv\/wp-json\/wp\/v2\/media\/124030"}],"wp:attachment":[{"href":"https:\/\/www.europesays.com\/lv\/wp-json\/wp\/v2\/media?parent=124029"}],"wp:term":[{"taxonomy":"category","embeddable":true,"href":"https:\/\/www.europesays.com\/lv\/wp-json\/wp\/v2\/categories?post=124029"},{"taxonomy":"post_tag","embeddable":true,"href":"https:\/\/www.europesays.com\/lv\/wp-json\/wp\/v2\/tags?post=124029"}],"curies":[{"name":"wp","href":"https:\/\/api.w.org\/{rel}","templated":true}]}}