{"id":124031,"date":"2026-02-06T08:18:14","date_gmt":"2026-02-06T08:18:14","guid":{"rendered":"https:\/\/www.europesays.com\/lv\/124031\/"},"modified":"2026-02-06T08:18:14","modified_gmt":"2026-02-06T08:18:14","slug":"vija-vetra-103-gadi-dejas-mantojums-un-iedvesma-latvija","status":"publish","type":"post","link":"https:\/\/www.europesays.com\/lv\/124031\/","title":{"rendered":"Vija V\u0113tra: 103 gadi, dejas mantojums un iedvesma Latvij\u0101"},"content":{"rendered":"<p class=\"descr\">\u0160odien, 6. febru\u0101r\u012b, 103. gadu slieksni p\u0101rk\u0101pj le\u0123end\u0101r\u0101 latvie\u0161u dejot\u0101ja, indie\u0161u un sakr\u0101l\u0101s dejas kust\u012bbas aizs\u0101c\u0113ja Latvij\u0101, \u0145ujork\u0101 dz\u012bvojo\u0161\u0101 m\u0101ksliniece un dejas pedago\u0123e Vija V\u0113tra, kura daudzus gadus iedvesmojusi skat\u012bt\u0101jus Latvij\u0101 un pasaul\u0113.<\/p>\n<p>\t\t\t\t\t\t\t\t\t\t\t\t\t\t\t\tAr nemain\u012bgu m\u012blest\u012bbu pret dz\u012bvi  <\/p>\n<p>Ar gai\u0161u pr\u0101tu, prieku un sird\u012b nemain\u012bgu m\u012blest\u012bbu pret dz\u012bvi <a href=\"https:\/\/nra.lv\/birka\/vija-vetra\/\" rel=\"nofollow noopener\" target=\"_blank\">Vija V\u0113tra<\/a> gaid\u012bja \u0161o dienu, kad var\u0113s ieso\u013cot sav\u0101 104. dz\u012bves gad\u0101.<\/p>\n<blockquote><p>Diem\u017e\u0113l sv\u0113tku saj\u016btu aiz\u0113no milz\u012bg\u0101 vientul\u012bba, esot sve\u0161atn\u0113, un vesel\u012bbas p\u0101rbaud\u012bjumi, ar kuriem dejot\u0101ja varon\u012bgi c\u012bn\u0101s jau kop\u0161 p\u0113rn\u0101 gada decembra, tom\u0113r nezaud\u0113jot sev rakstur\u012bgo gara sp\u0113ku un tic\u012bbu r\u012btdienai.<\/p><\/blockquote>\n<p>Ziemassv\u0113tkus un Jauno gadu Vija V\u0113tra \u201csvin\u0113ja\u201d rehabilit\u0101cijas centr\u0101 \u0145ujork\u0101, kur atguv\u0101s p\u0113c k\u0101jas traumas un v\u0113l\u0101k ar\u012b p\u0101rslimot\u0101s gripas. Vi\u0146a pamaz\u0101m atvese\u013coj\u0101s un jut\u0101s arvien stipr\u0101ka, jau var\u0113ja l\u0113n\u012bt\u0113m paiet ar \u201cstaiguli\u201d, t\u0101p\u0113c janv\u0101ra izska\u0146\u0101 tika palaista m\u0101j\u0101s.<\/p>\n<p>\u201cEsam visi nor\u016bp\u0113ju\u0161ies par Viju, bet vi\u0146a negrib p\u0101rv\u0101kties uz atp\u016btas namu\u2026\u201d sazi\u0146\u0101 ar \u201cVijas V\u0113tras Fonda\u201d p\u0101rst\u0101vjiem teikusi jubil\u0101res draudzene Maija.<\/p>\n<p>  <img decoding=\"async\" style=\"max-width: 600px;\" src=\"https:\/\/www.europesays.com\/lv\/wp-content\/uploads\/2026\/02\/787699_935debd377.jpg\" alt=\"\"\/> <\/p>\n<p class=\"descr-author\">Skats no \u0113damz\u0101les. Vijas V\u0113tras z\u012bm\u0113jums (2025). Tas tika izst\u0101d\u012bts rehabilit\u0101cijas centr\u0101 \u0145ujork\u0101, kur dejot\u0101ja atguv\u0101s p\u0113c k\u0101jas traumas un v\u0113l\u0101k ar\u012b p\u0101rslimot\u0101s gripas. \/ Foto no Vijas V\u0113tras personisk\u0101 arh\u012bva<\/p>\n<p>Vi\u0146a st\u0101st\u012bja, ka ar\u012b rehabilit\u0101cijas centr\u0101 Vija V\u0113tra nezaud\u0113ja savu rado\u0161o dzirksti un bija uztic\u012bga m\u0101kslai &#8211; z\u012bm\u0113ja sadz\u012bves ainas un, iedvesmojoties no re\u017eisora Ginta Zilbalo\u017ea talanta un filmas \u201cStraume\u201d pan\u0101kumiem, att\u0113loja ar\u012b \u201coskarot\u0101s\u201d anim\u0101cijas tum\u0161i pel\u0113ko ka\u0137i.<\/p>\n<p>  <img decoding=\"async\" style=\"max-width: 600px;\" src=\"https:\/\/www.europesays.com\/lv\/wp-content\/uploads\/2026\/02\/787700_9a822192a7.jpg\" alt=\"\"\/> <\/p>\n<p class=\"descr-author\">\u201cStraumes\u201d ka\u0137is. Vijas V\u0113tras z\u012bm\u0113jums (2025).  \/ Foto no Vijas V\u0113tras personisk\u0101 arh\u012bva<\/p>\n<p>Z\u012bm\u0113jumus var\u0113ja apl\u016bkot ikviens rehabilit\u0101cijas centra apmekl\u0113t\u0101ji, jo tie tika izst\u0101d\u012bti centra telp\u0101s.<\/p>\n<p> B\u016bs j\u0101svin v\u0113l\u0101k  <img decoding=\"async\" style=\"max-width: 600px;\" src=\"https:\/\/www.europesays.com\/lv\/wp-content\/uploads\/2026\/02\/787701_b980afb511.jpg\" alt=\"\"\/> <\/p>\n<p class=\"descr-author\">Vija V\u0113tra sav\u0101s m\u0101j\u0101s \u0145ujorkas M\u0101kslinieku nam\u0101, kur le\u0123end\u0101r\u0101 dejot\u0101ja tiek \u012bpa\u0161i god\u0101ta (2025). \/ Foto no Vijas V\u0113tras personisk\u0101 arh\u012bva<\/p>\n<p>Sav\u0101s m\u0101j\u0101s \u0145ujorkas M\u0101kslinieku nam\u0101 (Westbeth Artists Community) Manheten\u0101, kas atrodas Hudzonas upes krast\u0101 un kur Vija V\u0113tra dz\u012bvo jau vair\u0101k nek\u0101 50 gadu, vi\u0146a p\u0113c rehabilit\u0101cijas centra pabija vien da\u017eas dienas.<\/p>\n<blockquote><p>Diem\u017e\u0113l \u0161aj\u0101s dien\u0101s cien\u012bjam\u0101 skatuves m\u0101ksliniece atkal ir nok\u013cuvusi medi\u0137u apr\u016bp\u0113.<\/p><\/blockquote>\n<p>\u0160oreiz slimn\u012bc\u0101 Grini\u010dvilid\u017e\u0101 (Northwell Health Greenwich hospital) &#8211; ar sp\u0113c\u012bgu klepu, ko izrais\u012bjis respiratori sinciti\u0101lais v\u012bruss. Un tas noz\u012bm\u0113, ka dzim\u0161anas diena b\u016bs j\u0101svin v\u0113l\u0101k, kad jubil\u0101re atvese\u013cosies.<\/p>\n<p>Svin\u0113t sv\u0113tkus Vijai V\u0113trai pat\u012bk. Piem\u0113ram, savu 100. dzim\u0161anas dienu le\u0123end\u0101r\u0101 dejot\u0101ja svin\u0113ja \u010detras reizes &#8211; gan Amerik\u0101, gan Latvij\u0101.<\/p>\n<p>  <img decoding=\"async\" style=\"max-width: 600px;\" src=\"https:\/\/www.europesays.com\/lv\/wp-content\/uploads\/2026\/02\/787702_2499d51892.jpg\" alt=\"\"\/> <\/p>\n<p class=\"descr-author\">Simtgadniece Vija V\u0113tra R\u012bg\u0101 (2023). \/ Foto: \u0122irts OZOLI\u0145\u0160\/MN<\/p>\n<p>\u201cM\u0101kslinieku nam\u0101, kur\u0101 dz\u012bvoju, ir gan galerija, kur ar\u012b es izst\u0101dos, gan Kopienas telpa, kur notiek liter\u0101rie vakari un filmu seansi. Tur norisin\u0101j\u0101s ar\u012b mana dzim\u0161anas diena. Visos 12 st\u0101vos bija izliktas afi\u0161as ar aicin\u0101jumu piedal\u012bties man\u0101 godin\u0101\u0161an\u0101. Pieaicin\u0101ju ar\u012b latvie\u0161u draugus, un kop\u0101 san\u0101ca k\u0101di \u010detrdesmit, piecdesmit cilv\u0113ki. Latvie\u0161i atnesa skaistus ziedus &#8211; amerik\u0101\u0146iem t\u0101das trad\u012bcijas nav -, bet mana grie\u0137u draudzene bija sar\u016bp\u0113jusi milz\u012bgu torti, kuras pietika visiem.<\/p>\n<p>  <img decoding=\"async\" style=\"max-width: 600px;\" src=\"https:\/\/www.europesays.com\/lv\/wp-content\/uploads\/2026\/02\/787703_4dab13d154.jpg\" alt=\"\"\/> <\/p>\n<p class=\"descr-author\">Dejo Vija V\u0113tra. \/ Foto no Vijas V\u0113tras personisk\u0101 arh\u012bva<\/p>\n<p>R\u0101d\u012bju divas savas dokument\u0101l\u0101s filmas, lai b\u016btu priek\u0161stats, k\u0101 es k\u0101dreiz dejoju, un p\u0113c tam visus \u201cizdancin\u0101ju\u201d liel\u0101 ap\u013ca dej\u0101. Tas notika tie\u0161i man\u0101 dzim\u0161anas dien\u0101.<\/p>\n<p>N\u0101kamaj\u0101 dien\u0101 pie\u0146em\u0161anu man par godu r\u012bkoja Latvijas Past\u0101v\u012bg\u0101 p\u0101rst\u0101vniec\u012bba ANO \u0145ujork\u0101. V\u0113stnieks Andrejs Pildegovi\u010ds bija saaicin\u0101jis latvie\u0161us, bija ar\u012b da\u017ei nelatvie\u0161i. Pas\u0101kumu ievad\u012bja skaists muzik\u0101ls priek\u0161nesums, r\u0101d\u012bja ar\u012b vienu no man\u0101m dokument\u0101lajam film\u0101m un bija daudz apsveikumu no latvie\u0161u organiz\u0101cij\u0101m Amerik\u0101.<\/p>\n<blockquote><p>Man tika pasniegts ar\u012b Latvijas Valsts prezidenta Egila Levita apsveikums &#8211; liels un smags. Bija ar\u012b torte un bija jauki.<\/p><\/blockquote>\n<p>  <img decoding=\"async\" style=\"max-width: 600px;\" src=\"https:\/\/www.europesays.com\/lv\/wp-content\/uploads\/2026\/02\/787704_a52a81ba2c.jpg\" alt=\"\"\/> <\/p>\n<p class=\"descr-author\">Dejo Vija V\u0113tra. \/ Foto no Vijas V\u0113tras personisk\u0101 arh\u012bva<\/p>\n<p>Savuk\u0101rt tre\u0161o reizi dzim\u0161anas dienu svin\u0113ju b\u0113rnu skoli\u0146\u0101, kur biju uzaicin\u0101ta. Tur ar\u012b bija torte ar svec\u012bt\u0113m, un es m\u0101c\u012bju b\u0113rniem no ziediem veidot mandalas. Vi\u0146i sadal\u012bj\u0101s vair\u0101k\u0101s grupi\u0146\u0101s un katra veidoja savu. Ar\u012b vi\u0146us iekustin\u0101ju ap\u013ca dej\u0101 &#8211; katram ar sveci rok\u0101 bija j\u0101ieiet centr\u0101 un j\u0101sveic mani ar savu deju. Tas ir mans gadsk\u0101rt\u0113jais dzim\u0161anas dienas ritu\u0101ls,\u201d t\u0101 m\u016bsu p\u0113d\u0113j\u0101 tik\u0161an\u0101s reiz\u0113, kas bija 2023. gada vasar\u0101, kad vi\u0146a ar\u012b p\u0113d\u0113joreiz viesoj\u0101s Latvij\u0101, st\u0101st\u012bja Vija V\u0113tra.<\/p>\n<p> Dar\u012bja, ko sp\u0113ja  <img decoding=\"async\" style=\"max-width: 600px;\" src=\"https:\/\/www.europesays.com\/lv\/wp-content\/uploads\/2026\/02\/787714_4cc45aeee6.jpg\" alt=\"\"\/> <\/p>\n<p class=\"descr-author\">Simtgadniece Vija V\u0113tra R\u012bg\u0101 (2023). \/ Foto: \u0122irts OZOLI\u0145\u0160\/MN<\/p>\n<p>Lai kl\u0101tien\u0113 nosvin\u0113tu 100 gadu dz\u012bves un 80 gadu skatuves darb\u012bbas jubileju, tovasar simtgadnieci uz skatuves R\u012bg\u0101 bija iesp\u0113ja redz\u0113t divos sar\u012bkojumos: iedvesmas lekcij\u0101 &#8211; meistarklas\u0113 R\u012bgas Latvie\u0161u Biedr\u012bbas nama L\u012bgo z\u0101l\u0113 un godin\u0101\u0161anas koncert\u0101 \u201cVijai V\u0113trai &#8211; 100\u201d 20. j\u016bnij\u0101 Lielaj\u0101 z\u0101l\u0113.<\/p>\n<blockquote><p>Un tas Latvijas kult\u016bras v\u0113stur\u0113 bija nebijis notikums.<\/p><\/blockquote>\n<p>Koncerta kulmin\u0101cij\u0101 bija Art\u016bra Maskata kompon\u0113t\u0101 ska\u0146darba, kas rad\u012bts \u012bpa\u0161i Vijai V\u0113trai, pirmatska\u0146ojums izcil\u0101 pianista Vestarda \u0160imkus izpild\u012bjum\u0101, un to izdejoja pati Vija V\u0113tra.<\/p>\n<p>\u201cEs nezinu nevienu citu dejot\u0101ju, kur\u0161 b\u016btu tik \u201ctraks\u201d!\u201d vi\u0146a toreiz smiedam\u0101s sac\u012bja, atg\u0101dinot, ka vi\u0146ai oper\u0113tas abas g\u016b\u017eas un ar\u012b ce\u013cgals.<\/p>\n<p>\u201cViena g\u016b\u017ea stipri s\u0101p, un es apzinos, ka b\u016bs gr\u016bti. B\u016bs \u013coti gr\u016bti\u2026 Ta\u010du es dar\u012b\u0161u, ko sp\u0113\u0161u! Deja ir smags fizisks darbs, t\u0101 nav viegla padar\u012b\u0161ana, un asto\u0146desmit gadu laik\u0101 \u0137ermenis ir pamat\u012bgi nostr\u0101din\u0101ts. T\u0101p\u0113c bija vajadz\u012bgas oper\u0101cijas, t\u0101p\u0113c k\u0101jas s\u0101p un vairs neklausa. Bet par\u0101diet otru, kur\u0161 simt gados dejo!\u201d<\/p>\n<p> \u012astais laiks dejot ir tagad!  <img decoding=\"async\" style=\"max-width: 600px;\" src=\"https:\/\/www.europesays.com\/lv\/wp-content\/uploads\/2026\/02\/787715_c25ff0f50e.jpg\" alt=\"\"\/> <\/p>\n<p class=\"descr-author\">Vija V\u0113tra. \/ Foto no Vijas V\u0113tras personisk\u0101 arh\u012bva<\/p>\n<p>Godinot savu patronesi, \u201cVijas V\u0113tras fonds\u201d ar\u012b \u0161ogad svin\u0113s Vijas dzim\u0161anas dienu ar deju koncertu \u201cDeju V\u0113tra 2026. Svinam Vijai V\u0113trai &#8211; 103!\u201d\u201d &#8211; sestdien, 7. febru\u0101r\u012b, plkst. 17.00 \u201cUlbrokas P\u0113rl\u0113\u201d.<\/p>\n<blockquote><p>Vai zin\u0101j\u0101t, ka deja nav tikai kust\u012bba, bet gan dv\u0113seles saruna? Vija V\u0113tra to ir pier\u0101d\u012bjusi ar katru savu uzst\u0101\u0161anos un katru nodz\u012bvoto gadu.<\/p><\/blockquote>\n<p>  <img decoding=\"async\" style=\"max-width: 591px;\" src=\"https:\/\/www.europesays.com\/lv\/wp-content\/uploads\/2026\/02\/787707_d85bd39ca6.jpg\" alt=\"\"\/> <\/p>\n<p class=\"descr-author\">Dejo Vija V\u0113tra. \/ Foto no Vijas V\u0113tras personisk\u0101 arh\u012bva<\/p>\n<p>\u201cM\u0113s v\u0113lamies pateikties le\u0123end\u0101rajai m\u0101ksliniecei par vi\u0146as drosmi, sp\u0113ku un m\u012blest\u012bbu pret deju, r\u012bkojot jau par trad\u012bciju k\u013cuvu\u0161o koncertu \u201cDeju v\u0113tra\u201d. Programm\u0101 iek\u013cautas da\u017e\u0101du stilu dejas, kas simboliz\u0113 Vijas V\u0113tras pla\u0161o redzesloku un cie\u0146u pret da\u017e\u0101du tautu kult\u016bras mantojumu.<\/p>\n<blockquote><p>Uz \u201cUlbrokas P\u0113rles\u201d skatuves satiksies visas paaudzes &#8211; k\u0101 apliecin\u0101jums tam, ka dejot nekad nav par agru un vai par v\u0113lu.<\/p><\/blockquote>\n<p>\u012astais laiks dejot ir tagad! N\u0101ciet un k\u013c\u016bstiet par da\u013cu no \u0161\u012b sirsn\u012bg\u0101 notikuma!\u201d aicina \u201cVijas V\u0113tras fonda\u201d p\u0101rst\u0101vji.<\/p>\n<p>  <img decoding=\"async\" style=\"max-width: 600px;\" src=\"https:\/\/www.europesays.com\/lv\/wp-content\/uploads\/2026\/02\/787708_9cd294c6b3.jpg\" alt=\"\"\/> <\/p>\n<p class=\"descr-author\">Dejo Vija V\u0113tra. \/ Foto no Vijas V\u0113tras personisk\u0101 arh\u012bva<\/p>\n<p>\u201cVijai V\u0113trai \u013coti pat\u012bk \u0161\u012b 2019. gad\u0101 iedibin\u0101t\u0101 trad\u012bcija, un vi\u0146a v\u0113l\u0113tos, lai t\u0101 turpin\u0101tos ar\u012b turpm\u0101k. Programm\u0101 l\u012bdz\u0101s laikmet\u012bgajai, flameko un indie\u0161u klasiskajai dejai, tiek dejotas ar\u012b Vijas V\u0113tras ori\u0123in\u0101l\u0101s horeogr\u0101fijas &#8211; pieminot vi\u0146u un uzturot dz\u012bvu saikni ar skat\u012bt\u0101ju. M\u0101ksliniekam t\u0101 ir b\u016btiska, jo, ar\u012b esot t\u0101lu prom no Latvijas, tas uzmundrina un sp\u0113cina,\u201d st\u0101sta \u201cVijas V\u0113tras fonda\u201d p\u0101rst\u0101vji.<\/p>\n<p>Sagaidot 103. dzim\u0161anas dienu, jubil\u0101re vairs nej\u016btas tik stipra, lai vad\u012btu meistarklases k\u0101 citk\u0101rt.<\/p>\n<blockquote><p>Ta\u010du koncerta r\u012bkot\u0101ji nol\u0113mu\u0161i vi\u0146u iepriecin\u0101t ar ko \u012bpa\u0161u &#8211; ar \u201cSirdspukstu\u201d flash mob, ko vienlaikus izdejos visi 237 koncerta dal\u012bbnieki. T\u0101 b\u016bs teju tr\u012bs min\u016b\u0161u gara deja ar Vijas V\u0113tras horeogr\u0101fiju.<\/p><\/blockquote>\n<p> Man no n\u0101ves nav bail  <img decoding=\"async\" style=\"max-width: 600px;\" src=\"https:\/\/www.europesays.com\/lv\/wp-content\/uploads\/2026\/02\/787709_8189d3cc43.jpg\" alt=\"\"\/> <\/p>\n<p class=\"descr-author\">Vijai V\u0113trai &#8211; 99 (2022). \/ Foto: Rom\u0101ns Kok\u0161arovs\/F64<\/p>\n<blockquote><p>Katra tik\u0161an\u0101s ar skat\u012bt\u0101jiem, izdz\u012bvojot savu likteni dej\u0101, bija Vijas V\u0113tras dz\u012bv\u012bbas eliks\u012brs.<\/p><\/blockquote>\n<p>Dom\u0101jot par to, m\u0101ksliniece daudzu gadu garum\u0101 rada sp\u0113ku dz\u012bvot un m\u0113rot t\u0101lo ce\u013cu uz dzimteni. 2023. gad\u0101 vi\u0146a to dar\u012bja p\u0113d\u0113joreiz. Atgriez\u0101s, lai atvad\u012btos no savas dzimtenes&#8230;<\/p>\n<p>\u201cVairs nebrauk\u0161u uz Latviju, tik garu lidojumu vairs neiztur\u0113\u0161u. Esmu nol\u0113musi, ka \u0161\u012bs ir manas atvadas. Ar\u012b vairs nedejo\u0161u, \u0161\u012b b\u016bs p\u0113d\u0113j\u0101 izr\u0101de\u2026\u201d vi\u0146a man toreiz teica, asar\u0101m ac\u012bs.<\/p>\n<p>  <img decoding=\"async\" style=\"max-width: 600px;\" src=\"https:\/\/www.europesays.com\/lv\/wp-content\/uploads\/2026\/02\/787711_6df195f551.jpg\" alt=\"\"\/> <\/p>\n<p class=\"descr-author\">Dejo Vija V\u0113tra. \/ F64 Photo agency<\/p>\n<p>\u201cMan no n\u0101ves nav bail. Man dr\u012bz\u0101k ir liela zi\u0146k\u0101re, k\u0101 b\u016bs p\u0113c tam, kad nomir\u0161u. Jo no cilv\u0113kiem, kuri biju\u0161i pusce\u013c\u0101, bet tom\u0113r atn\u0101ku\u0161i atpaka\u013c, esmu dzird\u0113jusi, ka tur ir daudz gaismas&#8230; Ir pamats dom\u0101t, ka tur ir br\u012bni\u0161\u0137\u012bgi. Visiem jau tur b\u016bs j\u0101aiziet agr\u0101k vai v\u0113l\u0101k,\u201d t\u0101 m\u016bsu p\u0113d\u0113j\u0101 tik\u0161an\u0101s reiz\u0113 teica le\u0123end\u0101r\u0101 dejot\u0101ja Vija V\u0113tra.<\/p>\n<p>Bet par nodz\u012bvotajiem simt gadiem vi\u0146a teica, ka tie pag\u0101ju\u0161i \u013coti \u0101tri. \u201cJa darbojas rado\u0161i, laiks \u0161ausm\u012bgi \u0101tri paiet.<\/p>\n<blockquote><p>Bet &#8211; kas ir laiks? K\u0101dam tas var b\u016bt par garu, bet citam var nepietikt. J\u0101, kas tas visp\u0101r ir?<\/p><\/blockquote>\n<p>  <img decoding=\"async\" style=\"max-width: 600px;\" src=\"https:\/\/www.europesays.com\/lv\/wp-content\/uploads\/2026\/02\/787712_6ae4e68d5f.jpg\" alt=\"\"\/> <\/p>\n<p class=\"descr-author\">Foto: \u0122irts OZOLI\u0145\u0160\/MN<\/p>\n<p>Manupr\u0101t, t\u0101da laika nemaz nav. M\u0113s, cilv\u0113ki, esam izdom\u0101ju\u0161i dienas, ned\u0113\u013cas, m\u0113ne\u0161us un gadus, m\u0113s tos numur\u0113jam un skait\u0101m. Bet, faktiski, ja t\u0101 padom\u0101, kas tas ir &#8211; laiks? Manupr\u0101t, ir tikai dz\u012bve, katram sava. Un man\u0113j\u0101 dr\u012bz beigsies\u2026\u201d<\/p>\n<p>Vair\u0101k rakstu par jubil\u0101riem <a href=\"https:\/\/nra.lv\/birka\/jubilars\/\" rel=\"nofollow noopener\" target=\"_blank\">lasiet \u0161eit.<\/a><\/p>\n","protected":false},"excerpt":{"rendered":"\u0160odien, 6. febru\u0101r\u012b, 103. gadu slieksni p\u0101rk\u0101pj le\u0123end\u0101r\u0101 latvie\u0161u dejot\u0101ja, indie\u0161u un sakr\u0101l\u0101s dejas kust\u012bbas aizs\u0101c\u0113ja Latvij\u0101, \u0145ujork\u0101&hellip;\n","protected":false},"author":2,"featured_media":124032,"comment_status":"","ping_status":"","sticky":false,"template":"","format":"standard","meta":{"footnotes":""},"categories":[19],"tags":[89,90,35,39,38,36,37,34,40],"class_list":{"0":"post-124031","1":"post","2":"type-post","3":"status-publish","4":"format-standard","5":"has-post-thumbnail","7":"category-izklaide","8":"tag-entertainment","9":"tag-izklaide","10":"tag-latvia","11":"tag-latvian","12":"tag-latviesu","13":"tag-latviesu-valoda","14":"tag-latviesuvaloda","15":"tag-latvija","16":"tag-lv"},"share_on_mastodon":{"url":"https:\/\/pubeurope.com\/@lv\/116022706532675664","error":""},"_links":{"self":[{"href":"https:\/\/www.europesays.com\/lv\/wp-json\/wp\/v2\/posts\/124031","targetHints":{"allow":["GET"]}}],"collection":[{"href":"https:\/\/www.europesays.com\/lv\/wp-json\/wp\/v2\/posts"}],"about":[{"href":"https:\/\/www.europesays.com\/lv\/wp-json\/wp\/v2\/types\/post"}],"author":[{"embeddable":true,"href":"https:\/\/www.europesays.com\/lv\/wp-json\/wp\/v2\/users\/2"}],"replies":[{"embeddable":true,"href":"https:\/\/www.europesays.com\/lv\/wp-json\/wp\/v2\/comments?post=124031"}],"version-history":[{"count":0,"href":"https:\/\/www.europesays.com\/lv\/wp-json\/wp\/v2\/posts\/124031\/revisions"}],"wp:featuredmedia":[{"embeddable":true,"href":"https:\/\/www.europesays.com\/lv\/wp-json\/wp\/v2\/media\/124032"}],"wp:attachment":[{"href":"https:\/\/www.europesays.com\/lv\/wp-json\/wp\/v2\/media?parent=124031"}],"wp:term":[{"taxonomy":"category","embeddable":true,"href":"https:\/\/www.europesays.com\/lv\/wp-json\/wp\/v2\/categories?post=124031"},{"taxonomy":"post_tag","embeddable":true,"href":"https:\/\/www.europesays.com\/lv\/wp-json\/wp\/v2\/tags?post=124031"}],"curies":[{"name":"wp","href":"https:\/\/api.w.org\/{rel}","templated":true}]}}