{"id":124037,"date":"2026-02-06T08:21:11","date_gmt":"2026-02-06T08:21:11","guid":{"rendered":"https:\/\/www.europesays.com\/lv\/124037\/"},"modified":"2026-02-06T08:21:11","modified_gmt":"2026-02-06T08:21:11","slug":"nopludinats-e-pasts-liecina-ka-endru-mauntbatens-vindzors-velejies-klut-par-dzefrija-epstina-majdzivnieku","status":"publish","type":"post","link":"https:\/\/www.europesays.com\/lv\/124037\/","title":{"rendered":"Nopludin\u0101ts e-pasts liecina, ka Endr\u016b Mauntbatens-Vindzors v\u0113l\u0113jies k\u013c\u016bt par D\u017eefrija Epst\u012bna &#8220;m\u0101jdz\u012bvnieku&#8221;"},"content":{"rendered":"<p>Endr\u016b v\u0101rds jau vair\u0101kk\u0101rt par\u0101d\u012bjies e-pastos, kas publiskoti Epst\u012bna lietas dokumentos. T\u0101 k\u0101 v\u0113l j\u0101p\u0101rskata vair\u0101k nek\u0101 tr\u012bs miljoni dokumentu, izmekl\u0113t\u0101ji r\u016bp\u012bgi analiz\u0113 deta\u013cas, lai noskaidrotu, k\u0101 Epst\u012bnam tik ilgi bija izdevies izvair\u012bties no atbild\u012bbas. Tagad nopludin\u0101t\u0101 finansista un biju\u0161\u0101 Jorkas hercoga sarakste atkl\u0101j da\u013cu no vi\u0146u savulaik notiku\u0161aj\u0101m sarun\u0101m. To skait\u0101 ir ar\u012b v\u0113stule, kurs Endr\u016b izteicis v\u0113lmi k\u013c\u016bt par Epst\u012bna \u201cm\u0101jdz\u012bvnieku\u201d. K\u0101 zi\u0146o izdevums \u201cThe Sun\u201d, e-pasti n\u0101ku\u0161i no personas ar inici\u0101li \u201cE\u201d, kuru uzskata par Endr\u016b. Vien\u0101 no v\u0113stul\u0113m s\u016bt\u012bt\u0101js raksta: \u201cAk, Dievs, cik \u0161eit ir auksts un mitrs! Grib\u0113tos atkal b\u016bt m\u0101jdz\u012bvniekam tav\u0101 \u0123imen\u0113!\u201d<\/p>\n","protected":false},"excerpt":{"rendered":"Endr\u016b v\u0101rds jau vair\u0101kk\u0101rt par\u0101d\u012bjies e-pastos, kas publiskoti Epst\u012bna lietas dokumentos. T\u0101 k\u0101 v\u0113l j\u0101p\u0101rskata vair\u0101k nek\u0101 tr\u012bs&hellip;\n","protected":false},"author":2,"featured_media":124038,"comment_status":"","ping_status":"","sticky":false,"template":"","format":"standard","meta":{"footnotes":""},"categories":[14],"tags":[23,57,28,29,32,33,22,30,31,35,39,38,36,37,34,40,20,26,27,24,25,54,55,56,21,58],"class_list":{"0":"post-124037","1":"post","2":"type-post","3":"status-publish","4":"format-standard","5":"has-post-thumbnail","7":"category-zinas-no-arvalstim","8":"tag-aktualitates","9":"tag-arvalstim","10":"tag-breaking-news","11":"tag-breakingnews","12":"tag-featured-news","13":"tag-featurednews","14":"tag-headlines","15":"tag-latest-news","16":"tag-latestnews","17":"tag-latvia","18":"tag-latvian","19":"tag-latviesu","20":"tag-latviesu-valoda","21":"tag-latviesuvaloda","22":"tag-latvija","23":"tag-lv","24":"tag-news","25":"tag-popularakas-zinas","26":"tag-popularakaszinas","27":"tag-top-stories","28":"tag-topstories","29":"tag-world","30":"tag-world-news","31":"tag-worldnews","32":"tag-zinas","33":"tag-zinas-no-arvalstim"},"share_on_mastodon":{"url":"https:\/\/pubeurope.com\/@lv\/116022718216590665","error":""},"_links":{"self":[{"href":"https:\/\/www.europesays.com\/lv\/wp-json\/wp\/v2\/posts\/124037","targetHints":{"allow":["GET"]}}],"collection":[{"href":"https:\/\/www.europesays.com\/lv\/wp-json\/wp\/v2\/posts"}],"about":[{"href":"https:\/\/www.europesays.com\/lv\/wp-json\/wp\/v2\/types\/post"}],"author":[{"embeddable":true,"href":"https:\/\/www.europesays.com\/lv\/wp-json\/wp\/v2\/users\/2"}],"replies":[{"embeddable":true,"href":"https:\/\/www.europesays.com\/lv\/wp-json\/wp\/v2\/comments?post=124037"}],"version-history":[{"count":0,"href":"https:\/\/www.europesays.com\/lv\/wp-json\/wp\/v2\/posts\/124037\/revisions"}],"wp:featuredmedia":[{"embeddable":true,"href":"https:\/\/www.europesays.com\/lv\/wp-json\/wp\/v2\/media\/124038"}],"wp:attachment":[{"href":"https:\/\/www.europesays.com\/lv\/wp-json\/wp\/v2\/media?parent=124037"}],"wp:term":[{"taxonomy":"category","embeddable":true,"href":"https:\/\/www.europesays.com\/lv\/wp-json\/wp\/v2\/categories?post=124037"},{"taxonomy":"post_tag","embeddable":true,"href":"https:\/\/www.europesays.com\/lv\/wp-json\/wp\/v2\/tags?post=124037"}],"curies":[{"name":"wp","href":"https:\/\/api.w.org\/{rel}","templated":true}]}}