{"id":124062,"date":"2026-02-06T08:52:07","date_gmt":"2026-02-06T08:52:07","guid":{"rendered":"https:\/\/www.europesays.com\/lv\/124062\/"},"modified":"2026-02-06T08:52:07","modified_gmt":"2026-02-06T08:52:07","slug":"maskava-sasauts-generalleitnants-aleksejevs-uzbrucejs-aizbedzis-raksts","status":"publish","type":"post","link":"https:\/\/www.europesays.com\/lv\/124062\/","title":{"rendered":"Maskav\u0101 sa\u0161auts \u0123ener\u0101lleitnants A\u013ceksejevs; uzbruc\u0113js aizb\u0113dzis \/ Raksts"},"content":{"rendered":"<p>Krievijas amatpersonas zi\u0146o, ka Maskav\u0101 noticis uzbrukums Krievijas\u00a0\u0123ener\u0101lleitnantam Vladimiram A\u013ceksejevam. Krievijas mediji zi\u0146o, ka &#8220;slepkav\u012bbas m\u0113\u0123in\u0101jums&#8221; noticis net\u0101lu no A\u013ceksejeva m\u0101j\u0101m Maskav\u0101.\u00a0<\/p>\n<p>Krievijas mediji zi\u0146o, ka piektdienas r\u012bt\u0101 \u0161\u0101v\u0113js uzbrucis A\u013ceksejevam daudzdz\u012bvok\u013cu rajon\u0101. Uzbruc\u0113js vair\u0101kas reizes tr\u0101p\u012bjis \u0123ener\u0101lleitnantam mugur\u0101. Tikm\u0113r citi avoti zi\u0146o, ka A\u013ceksejevu sa\u0161\u0101va vi\u0146a m\u0101jokl\u012b Maskavas zieme\u013crietumos.\u00a0<\/p>\n<p>A\u013ceksejevs\u00a0ar vair\u0101k\u0101m \u0161aut\u0101m br\u016bc\u0113m ir hospitaliz\u0113ts. \u0160obr\u012bd nav zi\u0146u par vi\u0146a vesel\u012bbas st\u0101vokli.\u00a0<\/p>\n<p>T\u0101pat tiek zi\u0146ots, ka uzbruc\u0113jam izdevies aizb\u0113gt, pirms notikuma viet\u0101 ieradusies policija.\u00a0<\/p>\n<p>&#8220;Tiek veikta\u00a0izmekl\u0113\u0161ana\u00a0un operat\u012bv\u0101s mekl\u0113\u0161anas pas\u0101kumi, lai identific\u0113tu personu vai personas, kas iesaist\u012btas iepriek\u0161 min\u0113t\u0101 nozieguma izdar\u012b\u0161an\u0101,&#8221; pazi\u0146oja Krievijas Izmekl\u0113\u0161anas komitejas p\u0101rst\u0101ve Svetlana Petrenko.<\/p>\n<p>Izmekl\u0113\u0161anas komiteja ir uzs\u0101kusi krimin\u0101llietu par slepkav\u012bbas m\u0113\u0123in\u0101jumu un nelikum\u012bgo iero\u010du tur\u0113\u0161anu.<\/p>\n<p>A\u013ceksejevs ir augsta ranga amatpersona Krievijas milit\u0101r\u0101 \u0123ener\u0101l\u0161t\u0101ba galvenaj\u0101 direktor\u0101t\u0101. Pret A\u013ceksejevu ir piem\u0113rotas Eiropas Savien\u012bbas sankcijas.<\/p>\n<p>                    Valodas k\u013c\u016bda rakst\u0101?<\/p>\n<p class=\"d-none d-md-block\">Iez\u012bm\u0113jiet tekstu un spiediet Ctrl+Enter, lai nos\u016bt\u012btu labojamo teksta fragmentu redaktoram! Par faktu k\u013c\u016bd\u0101m l\u016bdzam zi\u0146ot e-past\u0101 <a href=\"https:\/\/www.lsm.lv\/cdn-cgi\/l\/email-protection\" class=\"__cf_email__\" data-cfemail=\"027067666369616b6863426e716f2c6e74\" rel=\"nofollow noopener\" target=\"_blank\">[email\u00a0protected]<\/a>.<\/p>\n<p class=\"d-md-none\">Iez\u012bm\u0113jiet tekstu un spiediet uz Zi\u0146ot par k\u013c\u016bdu pogas, lai nos\u016bt\u012btu labojamo teksta fragmentu redaktoram!<\/p>\n<p>\n                    Zi\u0146ot par k\u013c\u016bdu\n                <\/p>\n","protected":false},"excerpt":{"rendered":"Krievijas amatpersonas zi\u0146o, ka Maskav\u0101 noticis uzbrukums Krievijas\u00a0\u0123ener\u0101lleitnantam Vladimiram A\u013ceksejevam. Krievijas mediji zi\u0146o, ka &#8220;slepkav\u012bbas m\u0113\u0123in\u0101jums&#8221; noticis net\u0101lu&hellip;\n","protected":false},"author":2,"featured_media":124063,"comment_status":"","ping_status":"","sticky":false,"template":"","format":"standard","meta":{"footnotes":""},"categories":[14],"tags":[23,57,28,29,32,33,22,30,31,35,39,38,36,37,34,40,20,26,27,24,25,54,55,56,21,58],"class_list":{"0":"post-124062","1":"post","2":"type-post","3":"status-publish","4":"format-standard","5":"has-post-thumbnail","7":"category-zinas-no-arvalstim","8":"tag-aktualitates","9":"tag-arvalstim","10":"tag-breaking-news","11":"tag-breakingnews","12":"tag-featured-news","13":"tag-featurednews","14":"tag-headlines","15":"tag-latest-news","16":"tag-latestnews","17":"tag-latvia","18":"tag-latvian","19":"tag-latviesu","20":"tag-latviesu-valoda","21":"tag-latviesuvaloda","22":"tag-latvija","23":"tag-lv","24":"tag-news","25":"tag-popularakas-zinas","26":"tag-popularakaszinas","27":"tag-top-stories","28":"tag-topstories","29":"tag-world","30":"tag-world-news","31":"tag-worldnews","32":"tag-zinas","33":"tag-zinas-no-arvalstim"},"share_on_mastodon":{"url":"https:\/\/pubeurope.com\/@lv\/116022840037288641","error":""},"_links":{"self":[{"href":"https:\/\/www.europesays.com\/lv\/wp-json\/wp\/v2\/posts\/124062","targetHints":{"allow":["GET"]}}],"collection":[{"href":"https:\/\/www.europesays.com\/lv\/wp-json\/wp\/v2\/posts"}],"about":[{"href":"https:\/\/www.europesays.com\/lv\/wp-json\/wp\/v2\/types\/post"}],"author":[{"embeddable":true,"href":"https:\/\/www.europesays.com\/lv\/wp-json\/wp\/v2\/users\/2"}],"replies":[{"embeddable":true,"href":"https:\/\/www.europesays.com\/lv\/wp-json\/wp\/v2\/comments?post=124062"}],"version-history":[{"count":0,"href":"https:\/\/www.europesays.com\/lv\/wp-json\/wp\/v2\/posts\/124062\/revisions"}],"wp:featuredmedia":[{"embeddable":true,"href":"https:\/\/www.europesays.com\/lv\/wp-json\/wp\/v2\/media\/124063"}],"wp:attachment":[{"href":"https:\/\/www.europesays.com\/lv\/wp-json\/wp\/v2\/media?parent=124062"}],"wp:term":[{"taxonomy":"category","embeddable":true,"href":"https:\/\/www.europesays.com\/lv\/wp-json\/wp\/v2\/categories?post=124062"},{"taxonomy":"post_tag","embeddable":true,"href":"https:\/\/www.europesays.com\/lv\/wp-json\/wp\/v2\/tags?post=124062"}],"curies":[{"name":"wp","href":"https:\/\/api.w.org\/{rel}","templated":true}]}}