{"id":124089,"date":"2026-02-06T09:26:26","date_gmt":"2026-02-06T09:26:26","guid":{"rendered":"https:\/\/www.europesays.com\/lv\/124089\/"},"modified":"2026-02-06T09:26:26","modified_gmt":"2026-02-06T09:26:26","slug":"rigas-laikmetigas-makslas-telpa-februari-atklas-ginta-gabrana-un-andra-brezes-personalizstades-lente-lv","status":"publish","type":"post","link":"https:\/\/www.europesays.com\/lv\/124089\/","title":{"rendered":"R\u012bgas Laikmet\u012bg\u0101s m\u0101kslas telp\u0101 febru\u0101r\u012b atkl\u0101s Ginta Gabr\u0101na un Andra Bre\u017ees person\u0101lizst\u0101des\u00a0\u2014\u00a0Lente.lv"},"content":{"rendered":"<p>R\u012bgas Laikmet\u012bg\u0101s m\u0101kslas telpa febru\u0101ra s\u0101kum\u0101 aicina apmekl\u0113t\u0101jus uz div\u0101m noz\u012bm\u012bg\u0101m person\u0101lizst\u0101d\u0113m. No 6. febru\u0101ra Lielaj\u0101 z\u0101l\u0113 b\u016bs skat\u0101ma instal\u0101ciju un multimediju m\u0101kslinieka Ginta Gabr\u0101na person\u0101lizst\u0101de \u201cAlgoritmu kopienas\u201d, savuk\u0101rt Mazaj\u0101 z\u0101l\u0113 sevi pieteiks m\u0101kslinieks Andris Bre\u017ee ar izst\u0101di \u201cAploks\u201d. K\u0101 inform\u0113 port\u0101ls jauns.lv, abas izst\u0101des b\u016bs apskat\u0101mas l\u012bdz 2026. gada 5. apr\u012blim.<\/p>\n<p>Ginta Gabr\u0101na \u201cAlgoritmu kopienas\u201d \u2013 laikabiedra portrets tehnolo\u0123iju laikmet\u0101<\/p>\n<p>Ginta Gabr\u0101na izst\u0101de \u201cAlgoritmu kopienas\u201d pied\u0101v\u0101 \u201claikabiedra portretu\u201d, atspogu\u013cojot tehnolo\u0123iju, \u012bpa\u0161i m\u0101ksl\u012bg\u0101 intelekta, ietekmi uz kult\u016bru, m\u0101kslas rad\u012b\u0161anas procesu un sabiedr\u012bbu kopum\u0101. Gabr\u0101ns p\u0113ta m\u0101ksl\u012bg\u0101 intelekta algoritmisko att\u012bst\u012bbu un ar to saist\u012bt\u0101s v\u0113rt\u012bbu mai\u0146as, kas izpau\u017eas d\u012bvainu hibr\u012bdt\u0113lu veidol\u0101. M\u0101kslinieks uzsver, ka algoritmi ir kl\u0101teso\u0161i ne tikai digit\u0101laj\u0101 pasaul\u0113, bet ar\u012b cilv\u0113ku savstarp\u0113j\u0101s attiec\u012bb\u0101s. Gints Gabr\u0101ns, kur\u0161 ir paz\u012bstams ar sav\u0101m instal\u0101cij\u0101m un multimediju darbiem, p\u0101rst\u0101v\u0113ja Latviju 52. Ven\u0113cijas m\u0101kslas bienn\u0101l\u0113 ar projektu \u201cParaspogu\u013ci\u201d. Izst\u0101des kurators ir Art\u016brs Virtmanis.<\/p>\n<p>Andra Bre\u017ees \u201cAploks\u201d \u2013 atgrie\u0161an\u0101s pie avangarda meistara darba<\/p>\n<p>Andra Bre\u017ees person\u0101lizst\u0101de \u201cAploks\u201d iez\u012bm\u0113s R\u012bgas Laikmet\u012bg\u0101s m\u0101kslas telpas izst\u0101\u017eu cikla \u201cMil\u017ei\u201d s\u0101kumu. \u0160is cikls velt\u012bts noz\u012bm\u012bg\u0101m person\u0101m un notikumiem Latvijas laikmet\u012bgaj\u0101 m\u0101ksl\u0101. Darbs \u201cAploks\u201d, kas pirmo reizi tika izst\u0101d\u012bts pirms vair\u0101k nek\u0101 tr\u012bsdesmit gadiem Sorosa M\u016bsdienu m\u0101kslas centra izst\u0101d\u0113 \u201cValsts\u201d, p\u0113c rekonstrukcijas atgriez\u012bsies izst\u0101\u017eu z\u0101l\u0113. Bre\u017ee atz\u012bst, ka darba tap\u0161anu iedvesmojis atmi\u0146u vilnis no b\u0113rn\u012bbas. Andris Bre\u017ee ir viens no m\u0101ksliniekiem, kas 80. un 90. gados b\u016btiski ietekm\u0113ja Latvijas m\u0101kslas ainavu, apg\u016bstot instal\u0101cijas un objektu m\u0101kslas valodu. Izst\u0101des kuratore ir Daiga Rudz\u0101te.<\/p>\n<p>R\u012bgas Laikmet\u012bg\u0101s m\u0101kslas telpa \u2013 laikmet\u012bg\u0101s m\u0101kslas centrs<\/p>\n<p>R\u012bgas Laikmet\u012bg\u0101s m\u0101kslas telpa ir daudzfunkcion\u0101la m\u016bsdienu m\u0101kslas izst\u0101\u017eu z\u0101le, kas populariz\u0113 un att\u012bsta laikmet\u012bg\u0101s m\u0101kslas norises Latvij\u0101. Telpa, kas iepriek\u0161 bija paz\u012bstama k\u0101 R\u012bgas M\u0101kslas telpa, nesen ieguvusi jaunu identit\u0101ti, akcent\u0113jot savu fokusu uz laikmet\u012bgo m\u0101kslu. T\u0101s m\u0113r\u0137is ir izveidot vidi, kur laikmet\u012bg\u0101 m\u0101ksla tiek uztverta k\u0101 noz\u012bm\u012bga sabiedr\u012bbas dom\u0101\u0161anas da\u013ca, veicinot atv\u0113rt\u012bbu un cie\u0146u pret m\u0101kslu.<\/p>\n","protected":false},"excerpt":{"rendered":"R\u012bgas Laikmet\u012bg\u0101s m\u0101kslas telpa febru\u0101ra s\u0101kum\u0101 aicina apmekl\u0113t\u0101jus uz div\u0101m noz\u012bm\u012bg\u0101m person\u0101lizst\u0101d\u0113m. No 6. febru\u0101ra Lielaj\u0101 z\u0101l\u0113 b\u016bs&hellip;\n","protected":false},"author":2,"featured_media":124090,"comment_status":"","ping_status":"","sticky":false,"template":"","format":"standard","meta":{"footnotes":""},"categories":[19],"tags":[23294,89,23293,90,3127,35,39,38,36,37,34,40,461,6270],"class_list":{"0":"post-124089","1":"post","2":"type-post","3":"status-publish","4":"format-standard","5":"has-post-thumbnail","7":"category-izklaide","8":"tag-andris-breze","9":"tag-entertainment","10":"tag-gints-gabrans","11":"tag-izklaide","12":"tag-laikmetiga-maksla","13":"tag-latvia","14":"tag-latvian","15":"tag-latviesu","16":"tag-latviesu-valoda","17":"tag-latviesuvaloda","18":"tag-latvija","19":"tag-lv","20":"tag-personalizstade","21":"tag-rigas-laikmetigas-makslas-telpa"},"share_on_mastodon":{"url":"https:\/\/pubeurope.com\/@lv\/116022973750575835","error":""},"_links":{"self":[{"href":"https:\/\/www.europesays.com\/lv\/wp-json\/wp\/v2\/posts\/124089","targetHints":{"allow":["GET"]}}],"collection":[{"href":"https:\/\/www.europesays.com\/lv\/wp-json\/wp\/v2\/posts"}],"about":[{"href":"https:\/\/www.europesays.com\/lv\/wp-json\/wp\/v2\/types\/post"}],"author":[{"embeddable":true,"href":"https:\/\/www.europesays.com\/lv\/wp-json\/wp\/v2\/users\/2"}],"replies":[{"embeddable":true,"href":"https:\/\/www.europesays.com\/lv\/wp-json\/wp\/v2\/comments?post=124089"}],"version-history":[{"count":0,"href":"https:\/\/www.europesays.com\/lv\/wp-json\/wp\/v2\/posts\/124089\/revisions"}],"wp:featuredmedia":[{"embeddable":true,"href":"https:\/\/www.europesays.com\/lv\/wp-json\/wp\/v2\/media\/124090"}],"wp:attachment":[{"href":"https:\/\/www.europesays.com\/lv\/wp-json\/wp\/v2\/media?parent=124089"}],"wp:term":[{"taxonomy":"category","embeddable":true,"href":"https:\/\/www.europesays.com\/lv\/wp-json\/wp\/v2\/categories?post=124089"},{"taxonomy":"post_tag","embeddable":true,"href":"https:\/\/www.europesays.com\/lv\/wp-json\/wp\/v2\/tags?post=124089"}],"curies":[{"name":"wp","href":"https:\/\/api.w.org\/{rel}","templated":true}]}}