{"id":124091,"date":"2026-02-06T09:28:06","date_gmt":"2026-02-06T09:28:06","guid":{"rendered":"https:\/\/www.europesays.com\/lv\/124091\/"},"modified":"2026-02-06T09:28:06","modified_gmt":"2026-02-06T09:28:06","slug":"warriors-treneris-kers-izteicies-par-porzinga-iegusanu","status":"publish","type":"post","link":"https:\/\/www.europesays.com\/lv\/124091\/","title":{"rendered":"&#8220;Warriors&#8221; treneris Kers izteicies par Porzi\u0146\u0123a ieg\u016b\u0161anu"},"content":{"rendered":"<p>Kers izteica \u0161aubas, ka Porzi\u0146\u0123is jau sestdien (sv\u0113tdienas nakt\u012b p\u0113c Latvijas laika) dosies laukum\u0101 pret Losand\u017eelosas &#8220;Lakers&#8221;, tom\u0113r tas notik\u0161ot pavisam dr\u012bz.<\/p>\n<p>&#8220;Nedom\u0101ju, ka b\u016btu veiku\u0161i \u0161o mai\u0146u, ja neb\u016btu p\u0101rliecin\u0101ti, ka vi\u0146\u0161 sp\u0113s b\u016bt vesels un regul\u0101ri atrasties komandas sast\u0101v\u0101,&#8221; par Porzi\u0146\u0123a iemain\u012b\u0161anu no Atlantas &#8220;Hawks&#8221; sac\u012bja Kers. &#8220;M\u016bsu pl\u0101ns ir t\u0101ds, ka vi\u0146\u0161 sp\u0113l\u0113s.&#8221;<\/p>\n<p>Jau v\u0113st\u012bts, ka tre\u0161dien &#8220;Warriors&#8221; iemain\u012bja Porzi\u0146\u0123i no &#8220;Hawks&#8221;, pret\u012b dodot uzbruc\u0113ju D\u017eonatanu Kumingu un aizsargu Badiju H\u012bldu.<\/p>\n<blockquote class=\"quote ck-widget\" contenteditable=\"false\">\n<p>&#8220;Kad vi\u0146\u0161 ir vesels, vi\u0146\u0161 ir ell\u012bgi labs sp\u0113l\u0113t\u0101js,&#8221; par Porzi\u0146\u0123i izteic\u0101s Kers.<\/p>\n<\/blockquote>\n<p>&#8220;Vi\u0146\u0161 patie\u0161\u0101m atbilst tam, kas mums vajadz\u012bgs &#8211; augums, vieta laukum\u0101, metieni, groza aizsardz\u012bba. Katrai komandai tas ir vajadz\u012bgs, bet mums tas ir bijis vajadz\u012bgs vienm\u0113r. Mums nekad nav bijis t\u0101da sp\u0113l\u0113t\u0101ja k\u0101 vi\u0146\u0161.&#8221;<\/p>\n","protected":false},"excerpt":{"rendered":"Kers izteica \u0161aubas, ka Porzi\u0146\u0123is jau sestdien (sv\u0113tdienas nakt\u012b p\u0113c Latvijas laika) dosies laukum\u0101 pret Losand\u017eelosas &#8220;Lakers&#8221;, tom\u0113r&hellip;\n","protected":false},"author":2,"featured_media":124092,"comment_status":"","ping_status":"","sticky":false,"template":"","format":"standard","meta":{"footnotes":""},"categories":[17],"tags":[145,1098,7911,1260,35,39,38,36,37,34,40,1258,67],"class_list":{"0":"post-124091","1":"post","2":"type-post","3":"status-publish","4":"format-standard","5":"has-post-thumbnail","7":"category-sports","8":"tag-basketbols","9":"tag-basketbols-pasaule","10":"tag-goldensteitas-warriors","11":"tag-kristaps-porzingis","12":"tag-latvia","13":"tag-latvian","14":"tag-latviesu","15":"tag-latviesu-valoda","16":"tag-latviesuvaloda","17":"tag-latvija","18":"tag-lv","19":"tag-nba","20":"tag-sports"},"share_on_mastodon":{"url":"https:\/\/pubeurope.com\/@lv\/116022981634006839","error":""},"_links":{"self":[{"href":"https:\/\/www.europesays.com\/lv\/wp-json\/wp\/v2\/posts\/124091","targetHints":{"allow":["GET"]}}],"collection":[{"href":"https:\/\/www.europesays.com\/lv\/wp-json\/wp\/v2\/posts"}],"about":[{"href":"https:\/\/www.europesays.com\/lv\/wp-json\/wp\/v2\/types\/post"}],"author":[{"embeddable":true,"href":"https:\/\/www.europesays.com\/lv\/wp-json\/wp\/v2\/users\/2"}],"replies":[{"embeddable":true,"href":"https:\/\/www.europesays.com\/lv\/wp-json\/wp\/v2\/comments?post=124091"}],"version-history":[{"count":0,"href":"https:\/\/www.europesays.com\/lv\/wp-json\/wp\/v2\/posts\/124091\/revisions"}],"wp:featuredmedia":[{"embeddable":true,"href":"https:\/\/www.europesays.com\/lv\/wp-json\/wp\/v2\/media\/124092"}],"wp:attachment":[{"href":"https:\/\/www.europesays.com\/lv\/wp-json\/wp\/v2\/media?parent=124091"}],"wp:term":[{"taxonomy":"category","embeddable":true,"href":"https:\/\/www.europesays.com\/lv\/wp-json\/wp\/v2\/categories?post=124091"},{"taxonomy":"post_tag","embeddable":true,"href":"https:\/\/www.europesays.com\/lv\/wp-json\/wp\/v2\/tags?post=124091"}],"curies":[{"name":"wp","href":"https:\/\/api.w.org\/{rel}","templated":true}]}}