{"id":124093,"date":"2026-02-06T09:30:13","date_gmt":"2026-02-06T09:30:13","guid":{"rendered":"https:\/\/www.europesays.com\/lv\/124093\/"},"modified":"2026-02-06T09:30:13","modified_gmt":"2026-02-06T09:30:13","slug":"rsu-diplomus-sanems-arvalstu-studenti-sporta-zinatnes-specialisti-policisti","status":"publish","type":"post","link":"https:\/\/www.europesays.com\/lv\/124093\/","title":{"rendered":"RSU diplomus sa\u0146ems \u0101rvalstu studenti, sporta zin\u0101tnes speci\u0101listi, policisti&#8230;"},"content":{"rendered":"<p>Tie\u0161i 6.febru\u0101r\u012b s\u0101kas 2026. gada ziemas olimpisk\u0101s sp\u0113les It\u0101lij\u0101, kur\u0101s k\u0101 sportisti, treneri, medi\u0137i un sporta nozares profesion\u0101\u013ci piedal\u012bsies 33 RSU p\u0101rst\u0101vji.<\/p>\n<p>Piektdien, 6. febru\u0101r\u012b R\u012bgas Stradi\u0146a universit\u0101t\u0113 (RSU) 2026. gada ziemas izlaidumos diplomus sa\u0146ems vair\u0101k nek\u0101 330 pamatstudiju, ma\u0123istra un profesion\u0101lo studiju absolventu. Vi\u0146u vid\u016b b\u016bs 125 \u0101rvalstu studenti \u2013 topo\u0161ie medi\u0137i un zob\u0101rsti, kuri uzs\u0101ks profesion\u0101lo ce\u013cu vesel\u012bbas apr\u016bp\u0113 vis\u0101 pasaul\u0113. Absolventi p\u0101rst\u0101v pla\u0161u valstu loku, un visvair\u0101k diplomu \u0161aj\u0101 izlaidum\u0101 sa\u0146ems studenti no Zviedrijas, V\u0101cijas, Norv\u0113\u0123ijas, Somijas un It\u0101lijas, apliecinot RSU starptautisko atpaz\u012bstam\u012bbu un pievilc\u012bbu \u0101rvalstu studentu vid\u016b.<\/p>\n<p>\u0160\u012b diena ir simboliska ar\u012b pla\u0161\u0101k\u0101 m\u0113rog\u0101 \u2013 tie\u0161i 6.febru\u0101r\u012b s\u0101kas 2026. gada ziemas olimpisk\u0101s sp\u0113les It\u0101lij\u0101, kur\u0101s k\u0101 sportisti, treneri, medi\u0137i un sporta nozares profesion\u0101\u013ci piedal\u012bsies 33 RSU p\u0101rst\u0101vji.<\/p>\n<p>RSU Latvijas Sporta pedago\u0123ijas akad\u0113miju (RSU LSPA) absolv\u0113s 43 jaunie sporta un 40 vesel\u012bbas sporta speci\u0101listi, savuk\u0101rt Soci\u0101lo zin\u0101t\u0146u fakult\u0101ti pabeigs 74 absolventi, ieg\u016bstot izgl\u012bt\u012bbu policijas darb\u0101, ties\u012bbu zin\u0101tn\u0113s, soci\u0101laj\u0101 antropolo\u0123ij\u0101, k\u0101 ar\u012b starptautiskaj\u0101 m\u0101rketing\u0101 un biznesa vad\u012bb\u0101. Vesel\u012bbas un sporta zin\u0101t\u0146u fakult\u0101t\u0113 studijas nosl\u0113gs 56 absolventi, tostarp fizioterapeiti, uztura speci\u0101listi un m\u0101kslas terapijas ma\u0123istri.<\/p>\n<p>\n                            Valodas k\u013c\u016bda rakst\u0101?<br \/>Iez\u012bm\u0113jiet tekstu un spiediet Zi\u0146ot par k\u013c\u016bdu pogas   , lai nos\u016bt\u012btu labojamo teksta fragmentu redaktoram!<\/p>\n<p>                                Zi\u0146ot par k\u013c\u016bdu<\/p>\n","protected":false},"excerpt":{"rendered":"Tie\u0161i 6.febru\u0101r\u012b s\u0101kas 2026. gada ziemas olimpisk\u0101s sp\u0113les It\u0101lij\u0101, kur\u0101s k\u0101 sportisti, treneri, medi\u0137i un sporta nozares profesion\u0101\u013ci&hellip;\n","protected":false},"author":2,"featured_media":124094,"comment_status":"","ping_status":"","sticky":false,"template":"","format":"standard","meta":{"footnotes":""},"categories":[14],"tags":[23,57,28,29,32,33,22,30,31,35,39,38,36,37,34,40,20,26,27,24,25,54,55,56,21,58],"class_list":{"0":"post-124093","1":"post","2":"type-post","3":"status-publish","4":"format-standard","5":"has-post-thumbnail","7":"category-zinas-no-arvalstim","8":"tag-aktualitates","9":"tag-arvalstim","10":"tag-breaking-news","11":"tag-breakingnews","12":"tag-featured-news","13":"tag-featurednews","14":"tag-headlines","15":"tag-latest-news","16":"tag-latestnews","17":"tag-latvia","18":"tag-latvian","19":"tag-latviesu","20":"tag-latviesu-valoda","21":"tag-latviesuvaloda","22":"tag-latvija","23":"tag-lv","24":"tag-news","25":"tag-popularakas-zinas","26":"tag-popularakaszinas","27":"tag-top-stories","28":"tag-topstories","29":"tag-world","30":"tag-world-news","31":"tag-worldnews","32":"tag-zinas","33":"tag-zinas-no-arvalstim"},"share_on_mastodon":{"url":"https:\/\/pubeurope.com\/@lv\/116022989599227915","error":""},"_links":{"self":[{"href":"https:\/\/www.europesays.com\/lv\/wp-json\/wp\/v2\/posts\/124093","targetHints":{"allow":["GET"]}}],"collection":[{"href":"https:\/\/www.europesays.com\/lv\/wp-json\/wp\/v2\/posts"}],"about":[{"href":"https:\/\/www.europesays.com\/lv\/wp-json\/wp\/v2\/types\/post"}],"author":[{"embeddable":true,"href":"https:\/\/www.europesays.com\/lv\/wp-json\/wp\/v2\/users\/2"}],"replies":[{"embeddable":true,"href":"https:\/\/www.europesays.com\/lv\/wp-json\/wp\/v2\/comments?post=124093"}],"version-history":[{"count":0,"href":"https:\/\/www.europesays.com\/lv\/wp-json\/wp\/v2\/posts\/124093\/revisions"}],"wp:featuredmedia":[{"embeddable":true,"href":"https:\/\/www.europesays.com\/lv\/wp-json\/wp\/v2\/media\/124094"}],"wp:attachment":[{"href":"https:\/\/www.europesays.com\/lv\/wp-json\/wp\/v2\/media?parent=124093"}],"wp:term":[{"taxonomy":"category","embeddable":true,"href":"https:\/\/www.europesays.com\/lv\/wp-json\/wp\/v2\/categories?post=124093"},{"taxonomy":"post_tag","embeddable":true,"href":"https:\/\/www.europesays.com\/lv\/wp-json\/wp\/v2\/tags?post=124093"}],"curies":[{"name":"wp","href":"https:\/\/api.w.org\/{rel}","templated":true}]}}