{"id":124095,"date":"2026-02-06T09:31:08","date_gmt":"2026-02-06T09:31:08","guid":{"rendered":"https:\/\/www.europesays.com\/lv\/124095\/"},"modified":"2026-02-06T09:31:08","modified_gmt":"2026-02-06T09:31:08","slug":"daudzas-jaunietes-labprat-gaja-uz-klubiem-ar-viriesiem-ja-vinam-izmaksaja-dzerienus-jo-pasam-nebija-naudas-ieva-par-modelu-biznesa-aizkulisem-2","status":"publish","type":"post","link":"https:\/\/www.europesays.com\/lv\/124095\/","title":{"rendered":"Daudzas jaunietes labpr\u0101t g\u0101ja uz klubiem ar v\u012brie\u0161iem, ja vi\u0146\u0101m izmaks\u0101ja dz\u0113rienus, jo pa\u0161\u0101m nebija naudas.&#8221; Ieva par mode\u013cu biznesa aizkulis\u0113m"},"content":{"rendered":"<p>&#8220;K\u0101ds no \u0101rzemju v\u012brie\u0161u organizatoriem man piln\u012bgi piespied\u0101s kl\u0101t, sakot: vajag labi str\u0101d\u0101t. T\u0101s meitenes, kas labi str\u0101d\u0101s, dab\u016bs pr\u0113miju &#8211; 20 latus,&#8221; \u2013 \u0161\u0101du gad\u012bjumu no savas agr\u012bn\u0101s modeles karjeras atceras Ieva, kuras v\u0101rds p\u0113c l\u016bguma main\u012bts. Lai ar\u012b pa\u0161as pieredze bijusi sal\u012bdzino\u0161i veiksm\u012bga, tom\u0113r vi\u0146a nenoliedz &#8211; mode\u013cu biznesam biju\u0161as ar\u012b \u0113nas puses.<\/p>\n","protected":false},"excerpt":{"rendered":"&#8220;K\u0101ds no \u0101rzemju v\u012brie\u0161u organizatoriem man piln\u012bgi piespied\u0101s kl\u0101t, sakot: vajag labi str\u0101d\u0101t. T\u0101s meitenes, kas labi str\u0101d\u0101s,&hellip;\n","protected":false},"author":2,"featured_media":123970,"comment_status":"","ping_status":"","sticky":false,"template":"","format":"standard","meta":{"footnotes":"","_share_on_mastodon":"0"},"categories":[12],"tags":[23,9854,28,29,14791,7438,32,33,22,30,31,35,39,38,36,37,34,40,175,3068,20,26,27,24,25,900,21],"class_list":["post-124095","post","type-post","status-publish","format-standard","has-post-thumbnail","category-latvija","tag-aktualitates","tag-apollo-lv-redakcija-iesaka","tag-breaking-news","tag-breakingnews","tag-cilvekstasts","tag-dzefrijs-epstins","tag-featured-news","tag-featurednews","tag-headlines","tag-latest-news","tag-latestnews","tag-latvia","tag-latvian","tag-latviesu","tag-latviesu-valoda","tag-latviesuvaloda","tag-latvija","tag-lv","tag-mode","tag-modeles","tag-news","tag-popularakas-zinas","tag-popularakaszinas","tag-top-stories","tag-topstories","tag-tvnet-cilvekstasti","tag-zinas"],"share_on_mastodon":{"url":"","error":"Validation failed: Text character limit of 500 exceeded"},"_links":{"self":[{"href":"https:\/\/www.europesays.com\/lv\/wp-json\/wp\/v2\/posts\/124095","targetHints":{"allow":["GET"]}}],"collection":[{"href":"https:\/\/www.europesays.com\/lv\/wp-json\/wp\/v2\/posts"}],"about":[{"href":"https:\/\/www.europesays.com\/lv\/wp-json\/wp\/v2\/types\/post"}],"author":[{"embeddable":true,"href":"https:\/\/www.europesays.com\/lv\/wp-json\/wp\/v2\/users\/2"}],"replies":[{"embeddable":true,"href":"https:\/\/www.europesays.com\/lv\/wp-json\/wp\/v2\/comments?post=124095"}],"version-history":[{"count":0,"href":"https:\/\/www.europesays.com\/lv\/wp-json\/wp\/v2\/posts\/124095\/revisions"}],"wp:featuredmedia":[{"embeddable":true,"href":"https:\/\/www.europesays.com\/lv\/wp-json\/wp\/v2\/media\/123970"}],"wp:attachment":[{"href":"https:\/\/www.europesays.com\/lv\/wp-json\/wp\/v2\/media?parent=124095"}],"wp:term":[{"taxonomy":"category","embeddable":true,"href":"https:\/\/www.europesays.com\/lv\/wp-json\/wp\/v2\/categories?post=124095"},{"taxonomy":"post_tag","embeddable":true,"href":"https:\/\/www.europesays.com\/lv\/wp-json\/wp\/v2\/tags?post=124095"}],"curies":[{"name":"wp","href":"https:\/\/api.w.org\/{rel}","templated":true}]}}