{"id":124096,"date":"2026-02-06T09:35:09","date_gmt":"2026-02-06T09:35:09","guid":{"rendered":"https:\/\/www.europesays.com\/lv\/124096\/"},"modified":"2026-02-06T09:35:09","modified_gmt":"2026-02-06T09:35:09","slug":"katrs-lidojums-ka-krievu-rulete-jeb-krievijas-civila-aviacija-aizvadijusi-melno-menesi","status":"publish","type":"post","link":"https:\/\/www.europesays.com\/lv\/124096\/","title":{"rendered":"Katrs lidojums k\u0101 krievu rulete jeb Krievijas civil\u0101 avi\u0101cija aizvad\u012bjusi &#8220;melno m\u0113nesi&#8221;"},"content":{"rendered":"<p>Dzin\u0113js aizdeg\u0101s, panikas nav<\/p>\n<p class=\"MsoNormal\">2025. gada decembris Krievijas avi\u0101ciju p\u0101rv\u0113rta par \u012bstu zi\u0146u lenti \u2013 tad uzliesmojums, tad atsl\u0113g\u0161an\u0101s, tad neizskaidrojama vibr\u0101cija, tad \u201co\u017e p\u0113c deguna\u201d, tad \u201catkal nesasniedza galam\u0113r\u0137i\u201d. Galven\u0101 m\u0113ne\u0161a intriga jau vairs nebija par to, kas ir noticis, bet par to \u2013 cik bie\u017ei tas viss atk\u0101rtosies.<\/p>\n<p class=\"MsoNormal\">\u201cMelno s\u0113riju\u201d ievad\u012bja reiss Maskava \u2013 Puketa (Taizeme), ko izpild\u012bja aviokomp\u0101nija \u201cRed Wings\u201d, kura no 2021. gada ekspluat\u0113 tr\u012bs \u201cBoeing 777\u201d lidma\u0161\u012bnas. Un tie\u0161i viena no \u0161\u012bm trim lidma\u0161\u012bn\u0101m ar\u012b k\u013cuva par incidenta c\u0113loni. P\u0113c pacel\u0161an\u0101s aizdeg\u0101s lidma\u0161\u012bnas dzin\u0113js un piloti \u0101tri veica av\u0101rijas nos\u0113\u0161anos \u2013 uz t\u0101 pa\u0161a skrejce\u013ca \u201cDomodedovas\u201d lidost\u0101, no kuras pac\u0113l\u0101s.<\/p>\n<p class=\"MsoNormal\">\u201cP\u0113c pacel\u0161an\u0101s visi sajuta sp\u0113c\u012bgu degvielas smaku. Nezinu, vai t\u0101 ir standarta situ\u0101cija. Es iemigu pusstundu p\u0113c pacel\u0161an\u0101s, un p\u0113c tam pilots zi\u0146oja, ka radu\u0161\u0101s tehniskas probl\u0113mas un lidojam atpaka\u013c. Panikas nebija, jo nek\u0101 nopietna jau nenotika. P\u0113c tam cilv\u0113ki run\u0101ja, ka dzin\u0113js aizdedzies,\u201d sac\u012bja viens no pasa\u017eieriem.<\/p>\n","protected":false},"excerpt":{"rendered":"Dzin\u0113js aizdeg\u0101s, panikas nav 2025. gada decembris Krievijas avi\u0101ciju p\u0101rv\u0113rta par \u012bstu zi\u0146u lenti \u2013 tad uzliesmojums, tad&hellip;\n","protected":false},"author":2,"featured_media":124097,"comment_status":"","ping_status":"","sticky":false,"template":"","format":"standard","meta":{"footnotes":""},"categories":[16],"tags":[77,76,1134,234,74,35,39,38,36,37,34,40,511,3149,26933],"class_list":{"0":"post-124096","1":"post","2":"type-post","3":"status-publish","4":"format-standard","5":"has-post-thumbnail","7":"category-bizness","8":"tag-bizness","9":"tag-business","10":"tag-gaisa-satiksme","11":"tag-krievija","12":"tag-krievijas-iebrukums-ukraina","13":"tag-latvia","14":"tag-latvian","15":"tag-latviesu","16":"tag-latviesu-valoda","17":"tag-latviesuvaloda","18":"tag-latvija","19":"tag-lv","20":"tag-sankcijas","21":"tag-tvnet-bizness","22":"tag-tvnet-ekstra"},"share_on_mastodon":{"url":"https:\/\/pubeurope.com\/@lv\/116023009185367348","error":""},"_links":{"self":[{"href":"https:\/\/www.europesays.com\/lv\/wp-json\/wp\/v2\/posts\/124096","targetHints":{"allow":["GET"]}}],"collection":[{"href":"https:\/\/www.europesays.com\/lv\/wp-json\/wp\/v2\/posts"}],"about":[{"href":"https:\/\/www.europesays.com\/lv\/wp-json\/wp\/v2\/types\/post"}],"author":[{"embeddable":true,"href":"https:\/\/www.europesays.com\/lv\/wp-json\/wp\/v2\/users\/2"}],"replies":[{"embeddable":true,"href":"https:\/\/www.europesays.com\/lv\/wp-json\/wp\/v2\/comments?post=124096"}],"version-history":[{"count":0,"href":"https:\/\/www.europesays.com\/lv\/wp-json\/wp\/v2\/posts\/124096\/revisions"}],"wp:featuredmedia":[{"embeddable":true,"href":"https:\/\/www.europesays.com\/lv\/wp-json\/wp\/v2\/media\/124097"}],"wp:attachment":[{"href":"https:\/\/www.europesays.com\/lv\/wp-json\/wp\/v2\/media?parent=124096"}],"wp:term":[{"taxonomy":"category","embeddable":true,"href":"https:\/\/www.europesays.com\/lv\/wp-json\/wp\/v2\/categories?post=124096"},{"taxonomy":"post_tag","embeddable":true,"href":"https:\/\/www.europesays.com\/lv\/wp-json\/wp\/v2\/tags?post=124096"}],"curies":[{"name":"wp","href":"https:\/\/api.w.org\/{rel}","templated":true}]}}