{"id":124126,"date":"2026-02-06T10:00:07","date_gmt":"2026-02-06T10:00:07","guid":{"rendered":"https:\/\/www.europesays.com\/lv\/124126\/"},"modified":"2026-02-06T10:00:07","modified_gmt":"2026-02-06T10:00:07","slug":"maskava-noticis-atentats-pret-krievijas-generali","status":"publish","type":"post","link":"https:\/\/www.europesays.com\/lv\/124126\/","title":{"rendered":"Maskav\u0101 noticis atent\u0101ts pret Krievijas \u0123ener\u0101li"},"content":{"rendered":"<p class=\"descr\">Augsta ranga Krievijas armijas \u0123ener\u0101lis Maskav\u0101 ir vair\u0101kk\u0101rt sa\u0161auts un ievainots, zi\u0146o BBC.<\/p>\n<p>\u0122ener\u0101lleitnants Vladimirs Aleksejevs p\u0113c uzbrukuma dz\u012bvojamaj\u0101 \u0113k\u0101 pils\u0113tas zieme\u013crietumu nomal\u0113 nekav\u0113joties tika nog\u0101d\u0101ts slimn\u012bc\u0101, un vi\u0146a st\u0101voklis nav zin\u0101ms.<\/p>\n<p>Aleksejevs ir augsta ranga amatpersona Krievijas milit\u0101r\u0101 \u0123ener\u0101l\u0161t\u0101ba (GRU) galvenaj\u0101 p\u0101rvald\u0113 un ir jaun\u0101k\u0101 augsta ranga milit\u0101rpersona, pret kuru v\u0113rsta uzbrukuma iesp\u0113ja galvaspils\u0113t\u0101 kop\u0161 pilna m\u0113roga iebrukuma Ukrain\u0101 pirms gandr\u012bz \u010detriem gadiem. Vi\u0146am tika noteiktas <a href=\"https:\/\/nra.lv\/politika\/513318-makrona-padomnieks-iespejams-ieradies-maskava.htm\" data-item-link=\"true\" data-item-id=\"513318\" rel=\"nofollow noopener\" target=\"_blank\">Eiropas Savien\u012bbas sankcijas<\/a> p\u0113c tam, kad GRU tika aps\u016bdz\u0113ta par 2018. gada nervu paraliz\u0113jo\u0161\u0101s vielas uzbrukuma Solsberij\u0101, Apvienotaj\u0101 Karalist\u0113, aizskar\u0161anu.<\/p>\n<p>Piektdien &#8220;pagaid\u0101m nenoskaidrota persona raid\u012bja vair\u0101kus \u0161\u0101vienus uz v\u012brieti un aizb\u0113ga no notikuma vietas&#8221;, teikts komitejas pazi\u0146ojum\u0101.<\/p>\n<p>Aleksejevs sa\u0161auts mugur\u0101, v\u0113sta &#8220;Telegram&#8221; kan\u0101li &#8220;Mash&#8221; un &#8220;Baza&#8221;.<\/p>\n<p>\t\t\t\t\t\tinfo<\/p>\n<p>Uzzini pirmais<br \/>kas interesants noticis Latvij\u0101 un pasaul\u0113,<br \/>pievienojoties mums <a href=\"https:\/\/t.me\/neatkariga\" rel=\"nofollow\">Telegram<\/a> vai <a href=\"https:\/\/whatsapp.com\/channel\/0029VaMLFUH5K3zLU5s4wm3y\" rel=\"nofollow noopener\" target=\"_blank\">Whatsapp<\/a> kan\u0101l\u0101<\/p>\n","protected":false},"excerpt":{"rendered":"Augsta ranga Krievijas armijas \u0123ener\u0101lis Maskav\u0101 ir vair\u0101kk\u0101rt sa\u0161auts un ievainots, zi\u0146o BBC. \u0122ener\u0101lleitnants Vladimirs Aleksejevs p\u0113c uzbrukuma&hellip;\n","protected":false},"author":2,"featured_media":124127,"comment_status":"","ping_status":"","sticky":false,"template":"","format":"standard","meta":{"footnotes":""},"categories":[14],"tags":[23,57,28,29,32,33,22,30,31,35,39,38,36,37,34,40,20,26,27,24,25,54,55,56,21,58],"class_list":{"0":"post-124126","1":"post","2":"type-post","3":"status-publish","4":"format-standard","5":"has-post-thumbnail","7":"category-zinas-no-arvalstim","8":"tag-aktualitates","9":"tag-arvalstim","10":"tag-breaking-news","11":"tag-breakingnews","12":"tag-featured-news","13":"tag-featurednews","14":"tag-headlines","15":"tag-latest-news","16":"tag-latestnews","17":"tag-latvia","18":"tag-latvian","19":"tag-latviesu","20":"tag-latviesu-valoda","21":"tag-latviesuvaloda","22":"tag-latvija","23":"tag-lv","24":"tag-news","25":"tag-popularakas-zinas","26":"tag-popularakaszinas","27":"tag-top-stories","28":"tag-topstories","29":"tag-world","30":"tag-world-news","31":"tag-worldnews","32":"tag-zinas","33":"tag-zinas-no-arvalstim"},"share_on_mastodon":{"url":"https:\/\/pubeurope.com\/@lv\/116023107632305290","error":""},"_links":{"self":[{"href":"https:\/\/www.europesays.com\/lv\/wp-json\/wp\/v2\/posts\/124126","targetHints":{"allow":["GET"]}}],"collection":[{"href":"https:\/\/www.europesays.com\/lv\/wp-json\/wp\/v2\/posts"}],"about":[{"href":"https:\/\/www.europesays.com\/lv\/wp-json\/wp\/v2\/types\/post"}],"author":[{"embeddable":true,"href":"https:\/\/www.europesays.com\/lv\/wp-json\/wp\/v2\/users\/2"}],"replies":[{"embeddable":true,"href":"https:\/\/www.europesays.com\/lv\/wp-json\/wp\/v2\/comments?post=124126"}],"version-history":[{"count":0,"href":"https:\/\/www.europesays.com\/lv\/wp-json\/wp\/v2\/posts\/124126\/revisions"}],"wp:featuredmedia":[{"embeddable":true,"href":"https:\/\/www.europesays.com\/lv\/wp-json\/wp\/v2\/media\/124127"}],"wp:attachment":[{"href":"https:\/\/www.europesays.com\/lv\/wp-json\/wp\/v2\/media?parent=124126"}],"wp:term":[{"taxonomy":"category","embeddable":true,"href":"https:\/\/www.europesays.com\/lv\/wp-json\/wp\/v2\/categories?post=124126"},{"taxonomy":"post_tag","embeddable":true,"href":"https:\/\/www.europesays.com\/lv\/wp-json\/wp\/v2\/tags?post=124126"}],"curies":[{"name":"wp","href":"https:\/\/api.w.org\/{rel}","templated":true}]}}