{"id":124144,"date":"2026-02-06T10:15:07","date_gmt":"2026-02-06T10:15:07","guid":{"rendered":"https:\/\/www.europesays.com\/lv\/124144\/"},"modified":"2026-02-06T10:15:07","modified_gmt":"2026-02-06T10:15:07","slug":"latvija-radita-animacija-berniem-kas-apvieno-lellu-teatra-elementus-un-inovativas-tehnologijas","status":"publish","type":"post","link":"https:\/\/www.europesays.com\/lv\/124144\/","title":{"rendered":"Latvij\u0101 rad\u012bta anim\u0101cija b\u0113rniem, kas apvieno le\u013c\u013cu te\u0101tra elementus un inovat\u012bvas tehnolo\u0123ijas"},"content":{"rendered":"<p>At\u0161\u0137ir\u012bb\u0101 no tradicion\u0101l\u0101s anim\u0101cijas, \u201cBu\u013cbu\u013cr\u0101mas\u201d t\u0113lu kust\u012bbas netiek z\u012bm\u0113tas pa kadriem, bet izsp\u0113l\u0113tas re\u0101llaik\u0101, apvienojot le\u013c\u013cu te\u0101tra principus ar virsmas kust\u012bbu sensoriem un 3D tehnolo\u0123ij\u0101m. Katram t\u0113lam izveidots fizisks modelis (lelle) ar Latvij\u0101 rad\u012btu inerci\u0101lo sensoru sist\u0113mu (IMU), kas nolasa aktieru rad\u012bt\u0101s kust\u012bbas, \u0146emot v\u0113r\u0101 objekta fizikas \u012bpa\u0161\u012bbas \u2013 \u0123eometriju, kust\u012bbu amplit\u016bdu un materi\u0101lu.<\/p>\n<p>Sensoru dati tiek t\u016bl\u012bt\u0113ji p\u0101rnesti digit\u0101laj\u0101 vid\u0113, izmantojot Unreal Engine, kas \u013cauj virtu\u0101laj\u0101m kamer\u0101m re\u0101llaik\u0101 sekot 3D objektu mijiedarb\u012bbai ar fiziku un vidi. T\u0101 viet\u0101, lai z\u012bm\u0113tu katru kadru, anim\u0101cija tiek \u201csp\u0113l\u0113ta\u201d \u2013 tikl\u012bdz aktieri lelles iekustina, to digit\u0101lie t\u0113li rea\u0123\u0113 uzreiz. \u0160\u0101da pieeja b\u016btiski sa\u012bsina ra\u017eo\u0161anas ciklu un \u013cauj operat\u012bvi rad\u012bt jaunu saturu, saglab\u0101jot kust\u012bbu autentiskumu un fizisko lo\u0123iku.<\/p>\n<p>\u201cBu\u013cbu\u013cr\u0101ma\u201d ir anim\u0101cijas miniseri\u0101ls b\u0113rniem, kura darb\u012bba norisin\u0101s virtuv\u0113 \u2013 telp\u0101, kur ikdieni\u0161\u0137i priek\u0161meti b\u0113rnu izt\u0113l\u0113 atdz\u012bvojas. Br\u012bd\u012b, kad cilv\u0113ki pamet virtuvi, \u00a0priek\u0161meti str\u012bdas un salabst, viens otram pal\u012bdz un iem\u0101ca kaut ko jaunu. Komunic\u0113jot un sadarbojoties varo\u0146i risina b\u0113rniem b\u016btiskas probl\u0113mas un jaut\u0101jumus. Seri\u0101ls b\u0113rniem saprotam\u0101, rota\u013c\u012bg\u0101 form\u0101 skar soci\u0101las un emocion\u0101las t\u0113mas, neuzspie\u017eot pam\u0101c\u012bbas, bet \u013caujot t\u0101s izdz\u012bvot caur t\u0113liem.<\/p>\n<p>\u201cB\u0113rna izt\u0113lei nav robe\u017eu. Mums, pieaugu\u0161ajiem, ir pavisam nedaudz vi\u0146u j\u0101iedro\u0161ina dom\u0101t un sajust t\u0101, lai pie\u0161\u0137irtu fant\u0101zijas burv\u012bbu ikdieni\u0161\u0137ajai pasaulei,\u201d akcent\u0113 seri\u0101la re\u017eisors Jur\u0123is T\u016bbelis.<\/p>\n<p class=\"ad-desc ad-desc-main\">Saturs turpin\u0101s p\u0113c rekl\u0101mas<\/p>\n<p class=\"ad-desc ad-desc-sec\">Rekl\u0101ma<\/p>\n<p>\u201cBu\u013cbu\u013cr\u0101mas\u201d tap\u0161an\u0101 apvienota rado\u0161\u0101 komanda \u2013 le\u013c\u013cu te\u0101tra aktieri, animatori, programm\u0113t\u0101ji un producenti, radot form\u0101tu, kas atrodas starp anim\u0101ciju, performanci un re\u0101llaika digit\u0101lo vidi. \u201cM\u0113s mekl\u0113j\u0101m veidu, k\u0101 anim\u0101cij\u0101 saglab\u0101t priek\u0161metu fizisko lo\u0123iku un vienlaikus str\u0101d\u0101t tikpat br\u012bvi k\u0101 te\u0101tr\u012b. \u0160\u012b pieeja \u013cauj anim\u0101ciju nevis ra\u017eot pa kadriem, bet sp\u0113l\u0113t \u2013 un tas maina visu procesu,\u201d uzsver projekta veidot\u0101ji.<\/p>\n<p>Kas notiek virtuv\u0113, kad cilv\u0113ki aiziet? <a href=\"https:\/\/tv3.lv\/izklaide\/kino\/kas-notiek-virtuve-kad-cilveki-aiziet-tv3-mini-piedava-jaunu-latvija-raditu-animacijas-serialu-bulbulrama\/\" rel=\"nofollow noopener\" target=\"_blank\">TV3 mini pied\u0101v\u0101 jaunu, Latvij\u0101 rad\u012btu anim\u0101cijas seri\u0101lu \u201cBu\u013cbu\u013cr\u0101ma\u201d<\/a><\/p>\n<p class=\"tv3-fw-500\">Zi\u0146o par k\u013c\u016bdu rakst\u0101<\/p>\n<p class=\"d-md-block d-none\">Iez\u012bm\u0113 k\u013c\u016bdaino tekstu un spied Ctrl+Enter.<\/p>\n<p class=\"d-md-none d-block\">Iez\u012bm\u0113 k\u013c\u016bdaino tekstu un zi\u0146o par to!<\/p>\n","protected":false},"excerpt":{"rendered":"At\u0161\u0137ir\u012bb\u0101 no tradicion\u0101l\u0101s anim\u0101cijas, \u201cBu\u013cbu\u013cr\u0101mas\u201d t\u0113lu kust\u012bbas netiek z\u012bm\u0113tas pa kadriem, bet izsp\u0113l\u0113tas re\u0101llaik\u0101, apvienojot le\u013c\u013cu te\u0101tra principus&hellip;\n","protected":false},"author":2,"featured_media":124145,"comment_status":"","ping_status":"","sticky":false,"template":"","format":"standard","meta":{"footnotes":""},"categories":[19],"tags":[28061,89,90,35,39,38,36,37,34,40],"class_list":{"0":"post-124144","1":"post","2":"type-post","3":"status-publish","4":"format-standard","5":"has-post-thumbnail","7":"category-izklaide","8":"tag-animacijas-mini-serials-bulbulramatv3-minitv3-mini-jaunumi","9":"tag-entertainment","10":"tag-izklaide","11":"tag-latvia","12":"tag-latvian","13":"tag-latviesu","14":"tag-latviesu-valoda","15":"tag-latviesuvaloda","16":"tag-latvija","17":"tag-lv"},"share_on_mastodon":{"url":"https:\/\/pubeurope.com\/@lv\/116023166393158470","error":""},"_links":{"self":[{"href":"https:\/\/www.europesays.com\/lv\/wp-json\/wp\/v2\/posts\/124144","targetHints":{"allow":["GET"]}}],"collection":[{"href":"https:\/\/www.europesays.com\/lv\/wp-json\/wp\/v2\/posts"}],"about":[{"href":"https:\/\/www.europesays.com\/lv\/wp-json\/wp\/v2\/types\/post"}],"author":[{"embeddable":true,"href":"https:\/\/www.europesays.com\/lv\/wp-json\/wp\/v2\/users\/2"}],"replies":[{"embeddable":true,"href":"https:\/\/www.europesays.com\/lv\/wp-json\/wp\/v2\/comments?post=124144"}],"version-history":[{"count":0,"href":"https:\/\/www.europesays.com\/lv\/wp-json\/wp\/v2\/posts\/124144\/revisions"}],"wp:featuredmedia":[{"embeddable":true,"href":"https:\/\/www.europesays.com\/lv\/wp-json\/wp\/v2\/media\/124145"}],"wp:attachment":[{"href":"https:\/\/www.europesays.com\/lv\/wp-json\/wp\/v2\/media?parent=124144"}],"wp:term":[{"taxonomy":"category","embeddable":true,"href":"https:\/\/www.europesays.com\/lv\/wp-json\/wp\/v2\/categories?post=124144"},{"taxonomy":"post_tag","embeddable":true,"href":"https:\/\/www.europesays.com\/lv\/wp-json\/wp\/v2\/tags?post=124144"}],"curies":[{"name":"wp","href":"https:\/\/api.w.org\/{rel}","templated":true}]}}