{"id":1242,"date":"2025-09-22T03:17:18","date_gmt":"2025-09-22T03:17:18","guid":{"rendered":"https:\/\/www.europesays.com\/lv\/1242\/"},"modified":"2025-09-22T03:17:18","modified_gmt":"2025-09-22T03:17:18","slug":"kriminaldrama-ko-var-cilveks-atklaj-legendaras-izmekletajas-ritas-aksenokas-noslepumus-lente-lv","status":"publish","type":"post","link":"https:\/\/www.europesays.com\/lv\/1242\/","title":{"rendered":"krimin\u0101ldr\u0101ma \u201cKo var cilv\u0113ks\u201d atkl\u0101j le\u0123end\u0101r\u0101s izmekl\u0113t\u0101jas Ritas Aksenokas nosl\u0113pumus\u00a0\u2014\u00a0Lente.lv"},"content":{"rendered":"<p>Latvijas Nacion\u0101laj\u0101 te\u0101tr\u012b jauniestud\u0113jums balst\u012bts uz patiesiem notikumiem<\/p>\n<p>Latvijas Nacion\u0101lais te\u0101tris ar 107. sezonu atkl\u0101j jaunu, aizraujo\u0161u iestud\u0113jumu \u2013 krimin\u0101ldr\u0101mu \u201cKo var cilv\u0113ks\u201d, kas sola iekarot skat\u012bt\u0101ju sirdis ar savu intrigu un dzi\u013caj\u0101m cilv\u0113ciskaj\u0101m dilemm\u0101m. \u0160is darbs, balst\u012bts uz patiesiem notikumiem, v\u0113st\u012bs par sevi\u0161\u0137i svar\u012bgu lietu izmekl\u0113t\u0101ju Ritu Aksenoku, atkl\u0101jot sare\u017e\u0123\u012btu un spriedzes pilnu krimin\u0101ldr\u0101mu. Pirmizr\u0101de gaid\u0101ma 25. septembr\u012b te\u0101tra Aktieru z\u0101l\u0113.<\/p>\n<p>Drosm\u012bga sadarb\u012bba un jauni talanti<\/p>\n<p>\u0160is v\u0113st\u012bjums iez\u012bm\u0113 re\u017eisora Roberta Daubura debiju Latvijas Nacion\u0101laj\u0101 te\u0101tr\u012b. Vi\u0146a rado\u0161\u0101 iecere atdz\u012bvojas caur latvie\u0161u rakstnieka J\u0101\u0146a Jo\u0146eva ori\u0123in\u0101ldramatur\u0123iju. Jo\u0146evs, kur\u0161 paz\u012bstams ar saviem psiholo\u0123iski dzi\u013cajiem un sabiedr\u012bbas noris\u0113m piev\u0113r\u0161o\u0161ajiem darbiem, \u0161oreiz piev\u0113rsies krimin\u0101ldr\u0101mas \u017eanram, pie\u0161\u0137irot tam savu unik\u0101lo stilu. Abi m\u0101kslinieki, savstarp\u0113ji iedvesmojoties, ir veiku\u0161i noz\u012bm\u012bgu p\u0113tniecisko darbu, person\u012bgi iepaz\u012bstoties ar Ritu Aksenoku, lai rad\u012btu p\u0113c iesp\u0113jas paties\u0101ku un dzi\u013c\u0101ku izr\u0101di.<\/p>\n<p>Dauburs pats atzinis, ka izr\u0101des t\u0113ma tik \u013coti iespaidojusi vi\u0146a zemapzi\u0146u, ka tas pat izrais\u012bjis hiperre\u0101listiskus murgus. Tom\u0113r vi\u0146\u0161 uzsver atbild\u012bgu un r\u016bp\u012bgu pieeju darbam, sal\u012bdzinot to ar b\u0113rnu \u0137irurgu r\u016bp\u012bbu, kas sola rad\u012bt patiesi p\u0101rliecino\u0161u un aizraujo\u0161u izr\u0101di.<\/p>\n<p>Intri\u0123\u0113jo\u0161s si\u017eets, balst\u012bts uz re\u0101liem faktiem<\/p>\n<p>Izr\u0101des \u201cKo var cilv\u0113ks\u201d pamat\u0101 ir st\u0101sts par re\u0101lu krimin\u0101llietu un taj\u0101 iesaist\u012btajiem cilv\u0113kiem, kuri savulaik izdar\u012bju\u0161i vair\u0101k nek\u0101 300 noziegumu. V\u0113st\u012bjums ir ne tikai par noziedznieku ne\u017e\u0113l\u012bbu, bet ar\u012b par juristi Ritu Aksenoku \u2013 ilggad\u0113ju sevi\u0161\u0137i svar\u012bgu lietu izmekl\u0113t\u0101ju un Valsts prezidenta kancelejas Ap\u017e\u0113lo\u0161anas dienesta vad\u012bt\u0101ju. Kop\u0161 pag\u0101ju\u0161\u0101 gadsimta 60. gadiem Aksenokas kundze ir \u0161\u0137etin\u0101jusi Latvijas ska\u013c\u0101k\u0101s krimin\u0101llietas, atkl\u0101jot slepkav\u012bbas, laup\u012b\u0161anas un organiz\u0113tu noziedz\u012bbu. Vi\u0146as darba metod\u0113m rakstur\u012bga nevis klieg\u0161ana, bet gan sirsn\u012bba un labest\u012bba, kas bie\u017ei vien izr\u0101d\u012bju\u0161\u0101s efekt\u012bv\u0101kas par agresiju.<\/p>\n<p>Anot\u0101cija intri\u0123\u0113jo\u0161i iez\u012bm\u0113 izr\u0101des gaisotni: \u201cSepti\u0146desmito gadu otra puse. \u201cMikrofona\u201d aptauja, hokejs un Aukstais kar\u0161. Ta\u010du nakt\u012bs notiek pavisam cita c\u012b\u0146a, ne\u017e\u0113l\u012bga un pla\u0161\u0101kai publikai neredzama. K\u0101ds ir sevi iedom\u0101jies par nenotveramu, ta\u010du otr\u0101 pus\u0113 ir meitene, kas nekad nep\u0101rtrauc mekl\u0113t un jaut\u0101t. Ko var cilv\u0113ks? Ko var izv\u0113l\u0113ties, un kas ir neizb\u0113gams? T\u0101s dziesmas skan joproj\u0101m. Tie jaut\u0101jumi turpina staig\u0101t starp mums.\u201d<\/p>\n<p>Komanda aiz iestud\u0113juma<\/p>\n<p>Par izr\u0101des vizu\u0101lo un muzik\u0101lo noform\u0113jumu r\u016bp\u0113jas talant\u012bga komanda. Scenogr\u0101fs un kost\u012bmu m\u0101kslinieks ir Kristians Brekte, bet komponists \u2013 Tomass An\u010ds. Gaismu m\u0101ksliniece ir Krista Erdmane. Lom\u0101s iejut\u012bsies Sanita Paula (Rita Aksenoka), M\u0101rcis Ma\u0146jakovs (Aleksandrs Volkevi\u010ds un bandas locek\u013ci) un Elza R\u016bta Jord\u0101ne (Baiba Aleksandra Volkevi\u010da un cilv\u0113ki, kas \u201cnav\u201d pastr\u0101d\u0101ju\u0161i noziegumus).<\/p>\n","protected":false},"excerpt":{"rendered":"Latvijas Nacion\u0101laj\u0101 te\u0101tr\u012b jauniestud\u0113jums balst\u012bts uz patiesiem notikumiem Latvijas Nacion\u0101lais te\u0101tris ar 107. sezonu atkl\u0101j jaunu, aizraujo\u0161u iestud\u0113jumu&hellip;\n","protected":false},"author":2,"featured_media":1243,"comment_status":"","ping_status":"","sticky":false,"template":"","format":"standard","meta":{"footnotes":""},"categories":[19],"tags":[89,90,541,538,35,39,38,36,37,34,40,537,539,540],"class_list":{"0":"post-1242","1":"post","2":"type-post","3":"status-publish","4":"format-standard","5":"has-post-thumbnail","7":"category-izklaide","8":"tag-entertainment","9":"tag-izklaide","10":"tag-janis-jonevs","11":"tag-ko-var-cilveks","12":"tag-latvia","13":"tag-latvian","14":"tag-latviesu","15":"tag-latviesu-valoda","16":"tag-latviesuvaloda","17":"tag-latvija","18":"tag-lv","19":"tag-nacionalais-teatris","20":"tag-rita-aksenoka","21":"tag-roberts-dauburs"},"share_on_mastodon":{"url":"","error":""},"_links":{"self":[{"href":"https:\/\/www.europesays.com\/lv\/wp-json\/wp\/v2\/posts\/1242","targetHints":{"allow":["GET"]}}],"collection":[{"href":"https:\/\/www.europesays.com\/lv\/wp-json\/wp\/v2\/posts"}],"about":[{"href":"https:\/\/www.europesays.com\/lv\/wp-json\/wp\/v2\/types\/post"}],"author":[{"embeddable":true,"href":"https:\/\/www.europesays.com\/lv\/wp-json\/wp\/v2\/users\/2"}],"replies":[{"embeddable":true,"href":"https:\/\/www.europesays.com\/lv\/wp-json\/wp\/v2\/comments?post=1242"}],"version-history":[{"count":0,"href":"https:\/\/www.europesays.com\/lv\/wp-json\/wp\/v2\/posts\/1242\/revisions"}],"wp:featuredmedia":[{"embeddable":true,"href":"https:\/\/www.europesays.com\/lv\/wp-json\/wp\/v2\/media\/1243"}],"wp:attachment":[{"href":"https:\/\/www.europesays.com\/lv\/wp-json\/wp\/v2\/media?parent=1242"}],"wp:term":[{"taxonomy":"category","embeddable":true,"href":"https:\/\/www.europesays.com\/lv\/wp-json\/wp\/v2\/categories?post=1242"},{"taxonomy":"post_tag","embeddable":true,"href":"https:\/\/www.europesays.com\/lv\/wp-json\/wp\/v2\/tags?post=1242"}],"curies":[{"name":"wp","href":"https:\/\/api.w.org\/{rel}","templated":true}]}}